{"id":3590,"date":"2023-11-22T12:00:25","date_gmt":"2023-11-22T11:00:25","guid":{"rendered":"http:\/\/jlggb.net\/blog8\/?p=3590"},"modified":"2024-02-04T01:35:23","modified_gmt":"2024-02-04T00:35:23","slug":"petale-de-lotus","status":"publish","type":"post","link":"https:\/\/jlggb.net\/blog8\/2023\/11\/22\/petale-de-lotus\/","title":{"rendered":"P\u00e9tale de lotus"},"content":{"rendered":"<p><a href=\"https:\/\/jlggb.net\/blog8\/wp-content\/uploads\/2024\/01\/petale_lotus_kyoto_tofuku-ji_bois_laque_20231122-scaled.jpg\" data-rel=\"lightbox-image-0\" data-imagelightbox=\"0\" data-rl_title=\"\" data-rl_caption=\"\" title=\"\"><img loading=\"lazy\" decoding=\"async\" class=\"alignnone size-full wp-image-3591\" src=\"https:\/\/jlggb.net\/blog8\/wp-content\/uploads\/2024\/01\/petale_lotus_kyoto_tofuku-ji_bois_laque_20231122-scaled.jpg\" alt=\"\" width=\"640\" height=\"480\" srcset=\"https:\/\/jlggb.net\/blog8\/wp-content\/uploads\/2024\/01\/petale_lotus_kyoto_tofuku-ji_bois_laque_20231122-scaled.jpg 2560w, https:\/\/jlggb.net\/blog8\/wp-content\/uploads\/2024\/01\/petale_lotus_kyoto_tofuku-ji_bois_laque_20231122-300x225.jpg 300w, https:\/\/jlggb.net\/blog8\/wp-content\/uploads\/2024\/01\/petale_lotus_kyoto_tofuku-ji_bois_laque_20231122-1024x768.jpg 1024w, https:\/\/jlggb.net\/blog8\/wp-content\/uploads\/2024\/01\/petale_lotus_kyoto_tofuku-ji_bois_laque_20231122-768x576.jpg 768w, https:\/\/jlggb.net\/blog8\/wp-content\/uploads\/2024\/01\/petale_lotus_kyoto_tofuku-ji_bois_laque_20231122-1536x1152.jpg 1536w, https:\/\/jlggb.net\/blog8\/wp-content\/uploads\/2024\/01\/petale_lotus_kyoto_tofuku-ji_bois_laque_20231122-2048x1536.jpg 2048w, https:\/\/jlggb.net\/blog8\/wp-content\/uploads\/2024\/01\/petale_lotus_kyoto_tofuku-ji_bois_laque_20231122-150x113.jpg 150w\" sizes=\"auto, (max-width: 640px) 100vw, 640px\" \/><\/a><br \/>\nMercredi 22 novembre 2023, midi, Mus\u00e9e national de Kyoto. Il est dit que ce p\u00e9tale massif \u2014 environ un m\u00e8tre de haut \u2014, de bois avec laque et feuille d&rsquo;or, \u00e9poque Kamakura-Nanbokuch\u014d, 14e si\u00e8cle, Collection du temple Sokushuin de Kyoto, faisait probablement partie du pi\u00e9destal de lotus de la principale image de Bouddha du temple T\u014dfuku-ji, d\u00e9truite dans un incendie en 1881. Aucune prise de vue n&rsquo;est autoris\u00e9e dans la belle exposition consacr\u00e9e aux tr\u00e9sors artistiques de ce temple zen de Kyoto, sauf pour une grande main de Bouddha et pour le grand p\u00e9tale. Les visiteurs photographient tous, comme r\u00e9confort\u00e9s et oblig\u00e9s, cette mise en sc\u00e8ne aux lumi\u00e8res et d\u00e9cors d&rsquo;aujourd&rsquo;hui.<br \/>\n<span style=\"color: #ffffff;\">+<\/span><br \/>\n<a href=\"https:\/\/jlggb.net\/blog8\/wp-content\/uploads\/2023\/11\/ok_kyoto_museum_20231122_12h15-scaled.jpg\" data-rel=\"lightbox-image-1\" data-imagelightbox=\"1\" data-rl_title=\"\" data-rl_caption=\"\" title=\"\"><img loading=\"lazy\" decoding=\"async\" src=\"https:\/\/jlggb.net\/blog8\/wp-content\/uploads\/2023\/11\/ok_kyoto_museum_20231122_12h15-scaled.jpg\" alt=\"\" width=\"640\" height=\"480\" class=\"alignnone size-full wp-image-3837\" srcset=\"https:\/\/jlggb.net\/blog8\/wp-content\/uploads\/2023\/11\/ok_kyoto_museum_20231122_12h15-scaled.jpg 2560w, https:\/\/jlggb.net\/blog8\/wp-content\/uploads\/2023\/11\/ok_kyoto_museum_20231122_12h15-300x225.jpg 300w, https:\/\/jlggb.net\/blog8\/wp-content\/uploads\/2023\/11\/ok_kyoto_museum_20231122_12h15-1024x768.jpg 1024w, https:\/\/jlggb.net\/blog8\/wp-content\/uploads\/2023\/11\/ok_kyoto_museum_20231122_12h15-768x576.jpg 768w, https:\/\/jlggb.net\/blog8\/wp-content\/uploads\/2023\/11\/ok_kyoto_museum_20231122_12h15-1536x1152.jpg 1536w, https:\/\/jlggb.net\/blog8\/wp-content\/uploads\/2023\/11\/ok_kyoto_museum_20231122_12h15-2048x1536.jpg 2048w, https:\/\/jlggb.net\/blog8\/wp-content\/uploads\/2023\/11\/ok_kyoto_museum_20231122_12h15-150x113.jpg 150w\" sizes=\"auto, (max-width: 640px) 100vw, 640px\" \/><\/a><\/p>\n","protected":false},"excerpt":{"rendered":"<p>Mercredi 22 novembre 2023, midi, Mus\u00e9e national de Kyoto. Il est dit que ce p\u00e9tale massif \u2014 environ un m\u00e8tre de haut \u2014, de bois avec laque et feuille d&rsquo;or, \u00e9poque Kamakura-Nanbokuch\u014d, 14e si\u00e8cle, Collection du temple Sokushuin de Kyoto, faisait probablement partie du pi\u00e9destal de lotus de la principale image de Bouddha du temple &hellip; <a href=\"https:\/\/jlggb.net\/blog8\/2023\/11\/22\/petale-de-lotus\/\" class=\"more-link\">Continuer la lecture de <span class=\"screen-reader-text\">P\u00e9tale de lotus<\/span><\/a><\/p>\n","protected":false},"author":1,"featured_media":0,"comment_status":"closed","ping_status":"closed","sticky":false,"template":"","format":"standard","meta":{"footnotes":""},"categories":[7,20,53],"tags":[524,271,511,510],"class_list":["post-3590","post","type-post","status-publish","format-standard","hentry","category-art","category-contexte","category-histoire","tag-ok","tag-photo","tag-tofuku-ji","tag-tresor"],"_links":{"self":[{"href":"https:\/\/jlggb.net\/blog8\/wp-json\/wp\/v2\/posts\/3590","targetHints":{"allow":["GET"]}}],"collection":[{"href":"https:\/\/jlggb.net\/blog8\/wp-json\/wp\/v2\/posts"}],"about":[{"href":"https:\/\/jlggb.net\/blog8\/wp-json\/wp\/v2\/types\/post"}],"author":[{"embeddable":true,"href":"https:\/\/jlggb.net\/blog8\/wp-json\/wp\/v2\/users\/1"}],"replies":[{"embeddable":true,"href":"https:\/\/jlggb.net\/blog8\/wp-json\/wp\/v2\/comments?post=3590"}],"version-history":[{"count":13,"href":"https:\/\/jlggb.net\/blog8\/wp-json\/wp\/v2\/posts\/3590\/revisions"}],"predecessor-version":[{"id":3839,"href":"https:\/\/jlggb.net\/blog8\/wp-json\/wp\/v2\/posts\/3590\/revisions\/3839"}],"wp:attachment":[{"href":"https:\/\/jlggb.net\/blog8\/wp-json\/wp\/v2\/media?parent=3590"}],"wp:term":[{"taxonomy":"category","embeddable":true,"href":"https:\/\/jlggb.net\/blog8\/wp-json\/wp\/v2\/categories?post=3590"},{"taxonomy":"post_tag","embeddable":true,"href":"https:\/\/jlggb.net\/blog8\/wp-json\/wp\/v2\/tags?post=3590"}],"curies":[{"name":"wp","href":"https:\/\/api.w.org\/{rel}","templated":true}]}}