{"id":3488,"date":"2023-04-21T16:00:43","date_gmt":"2023-04-21T14:00:43","guid":{"rendered":"http:\/\/jlggb.net\/blog8\/?p=3488"},"modified":"2024-01-01T23:14:17","modified_gmt":"2024-01-01T22:14:17","slug":"la-vue-depuis-chevigneu","status":"publish","type":"post","link":"https:\/\/jlggb.net\/blog8\/2023\/04\/21\/la-vue-depuis-chevigneu\/","title":{"rendered":"La vue depuis Chevigneu"},"content":{"rendered":"<p><a href=\"https:\/\/jlggb.net\/blog8\/wp-content\/uploads\/2024\/01\/chevigneu_mollard_20230421-scaled.jpg\" data-rel=\"lightbox-image-0\" data-imagelightbox=\"0\" data-rl_title=\"\" data-rl_caption=\"\" title=\"\"><img loading=\"lazy\" decoding=\"async\" src=\"https:\/\/jlggb.net\/blog8\/wp-content\/uploads\/2024\/01\/chevigneu_mollard_20230421-scaled.jpg\" alt=\"\" width=\"640\" height=\"480\" class=\"alignnone size-full wp-image-3489\" srcset=\"https:\/\/jlggb.net\/blog8\/wp-content\/uploads\/2024\/01\/chevigneu_mollard_20230421-scaled.jpg 2560w, https:\/\/jlggb.net\/blog8\/wp-content\/uploads\/2024\/01\/chevigneu_mollard_20230421-300x225.jpg 300w, https:\/\/jlggb.net\/blog8\/wp-content\/uploads\/2024\/01\/chevigneu_mollard_20230421-1024x768.jpg 1024w, https:\/\/jlggb.net\/blog8\/wp-content\/uploads\/2024\/01\/chevigneu_mollard_20230421-768x576.jpg 768w, https:\/\/jlggb.net\/blog8\/wp-content\/uploads\/2024\/01\/chevigneu_mollard_20230421-1536x1152.jpg 1536w, https:\/\/jlggb.net\/blog8\/wp-content\/uploads\/2024\/01\/chevigneu_mollard_20230421-2048x1536.jpg 2048w, https:\/\/jlggb.net\/blog8\/wp-content\/uploads\/2024\/01\/chevigneu_mollard_20230421-150x112.jpg 150w\" sizes=\"auto, (max-width: 640px) 100vw, 640px\" \/><\/a><br \/>\nVendredi 21 avril 2023, 16h, Chevigneu, Chindrieux, Savoie. Une simple photo en passant, la  cour de la maison Barbier a ceci d&rsquo;ineffa\u00e7able&nbsp;: la vue vers l&rsquo;ouest, vers une vall\u00e9e voisine de celle de la Chautagne, le marais qui prolonge au nord le Lac du Bourget, la vall\u00e9e du Rh\u00f4ne qu&rsquo;on n&rsquo;attendait pas l\u00e0. Le marqueur en est la colline ronde du Mollard qui reste ce qu&rsquo;il fut, une \u00eele.<\/p>\n","protected":false},"excerpt":{"rendered":"<p>Vendredi 21 avril 2023, 16h, Chevigneu, Chindrieux, Savoie. Une simple photo en passant, la cour de la maison Barbier a ceci d&rsquo;ineffa\u00e7able&nbsp;: la vue vers l&rsquo;ouest, vers une vall\u00e9e voisine de celle de la Chautagne, le marais qui prolonge au nord le Lac du Bourget, la vall\u00e9e du Rh\u00f4ne qu&rsquo;on n&rsquo;attendait pas l\u00e0. Le marqueur &hellip; <a href=\"https:\/\/jlggb.net\/blog8\/2023\/04\/21\/la-vue-depuis-chevigneu\/\" class=\"more-link\">Continuer la lecture de <span class=\"screen-reader-text\">La vue depuis Chevigneu<\/span><\/a><\/p>\n","protected":false},"author":1,"featured_media":0,"comment_status":"closed","ping_status":"closed","sticky":false,"template":"","format":"standard","meta":{"footnotes":""},"categories":[16,18],"tags":[190],"class_list":["post-3488","post","type-post","status-publish","format-standard","hentry","category-moment","category-vue","tag-paysage"],"_links":{"self":[{"href":"https:\/\/jlggb.net\/blog8\/wp-json\/wp\/v2\/posts\/3488","targetHints":{"allow":["GET"]}}],"collection":[{"href":"https:\/\/jlggb.net\/blog8\/wp-json\/wp\/v2\/posts"}],"about":[{"href":"https:\/\/jlggb.net\/blog8\/wp-json\/wp\/v2\/types\/post"}],"author":[{"embeddable":true,"href":"https:\/\/jlggb.net\/blog8\/wp-json\/wp\/v2\/users\/1"}],"replies":[{"embeddable":true,"href":"https:\/\/jlggb.net\/blog8\/wp-json\/wp\/v2\/comments?post=3488"}],"version-history":[{"count":9,"href":"https:\/\/jlggb.net\/blog8\/wp-json\/wp\/v2\/posts\/3488\/revisions"}],"predecessor-version":[{"id":3498,"href":"https:\/\/jlggb.net\/blog8\/wp-json\/wp\/v2\/posts\/3488\/revisions\/3498"}],"wp:attachment":[{"href":"https:\/\/jlggb.net\/blog8\/wp-json\/wp\/v2\/media?parent=3488"}],"wp:term":[{"taxonomy":"category","embeddable":true,"href":"https:\/\/jlggb.net\/blog8\/wp-json\/wp\/v2\/categories?post=3488"},{"taxonomy":"post_tag","embeddable":true,"href":"https:\/\/jlggb.net\/blog8\/wp-json\/wp\/v2\/tags?post=3488"}],"curies":[{"name":"wp","href":"https:\/\/api.w.org\/{rel}","templated":true}]}}