{"id":3173,"date":"2023-09-22T17:00:41","date_gmt":"2023-09-22T15:00:41","guid":{"rendered":"http:\/\/jlggb.net\/blog8\/?p=3173"},"modified":"2023-09-27T01:17:07","modified_gmt":"2023-09-26T23:17:07","slug":"eclipse-de-soleil","status":"publish","type":"post","link":"https:\/\/jlggb.net\/blog8\/2023\/09\/22\/eclipse-de-soleil\/","title":{"rendered":"\u00c9clipse de soleil"},"content":{"rendered":"<p><a href=\"https:\/\/jlggb.net\/blog8\/wp-content\/uploads\/2023\/09\/marker_eclipse_1999_20230922_full-scaled.jpg\" data-rel=\"lightbox-image-0\" data-imagelightbox=\"0\" data-rl_title=\"\" data-rl_caption=\"\" title=\"\"><img loading=\"lazy\" decoding=\"async\" class=\"alignnone wp-image-3174\" src=\"https:\/\/jlggb.net\/blog8\/wp-content\/uploads\/2023\/09\/marker_eclipse_1999_20230922_full-scaled.jpg\" alt=\"\" width=\"640\" height=\"506\" srcset=\"https:\/\/jlggb.net\/blog8\/wp-content\/uploads\/2023\/09\/marker_eclipse_1999_20230922_full-scaled.jpg 2560w, https:\/\/jlggb.net\/blog8\/wp-content\/uploads\/2023\/09\/marker_eclipse_1999_20230922_full-300x237.jpg 300w, https:\/\/jlggb.net\/blog8\/wp-content\/uploads\/2023\/09\/marker_eclipse_1999_20230922_full-1024x809.jpg 1024w, https:\/\/jlggb.net\/blog8\/wp-content\/uploads\/2023\/09\/marker_eclipse_1999_20230922_full-768x607.jpg 768w, https:\/\/jlggb.net\/blog8\/wp-content\/uploads\/2023\/09\/marker_eclipse_1999_20230922_full-1536x1214.jpg 1536w, https:\/\/jlggb.net\/blog8\/wp-content\/uploads\/2023\/09\/marker_eclipse_1999_20230922_full-2048x1618.jpg 2048w, https:\/\/jlggb.net\/blog8\/wp-content\/uploads\/2023\/09\/marker_eclipse_1999_20230922_full-150x119.jpg 150w\" sizes=\"auto, (max-width: 640px) 100vw, 640px\" \/><\/a><br \/>\nSamedi 22 septembre 2023, 17h, Mus\u00e9e national d&rsquo;art moderne, Paris. Exposition \u00ab Corps \u00e0 corps \u00bb, Chris Marker, <em>Sun Eclipse, Paris (1999)<\/em>, 2008, \u00e9preuve g\u00e9latino-argentique contrecoll\u00e9e sur aluminium, collection Marin Karmitz. On a un souvenir personnel pr\u00e9cis de ce moment.<\/p>\n","protected":false},"excerpt":{"rendered":"<p>Samedi 22 septembre 2023, 17h, Mus\u00e9e national d&rsquo;art moderne, Paris. Exposition \u00ab Corps \u00e0 corps \u00bb, Chris Marker, Sun Eclipse, Paris (1999), 2008, \u00e9preuve g\u00e9latino-argentique contrecoll\u00e9e sur aluminium, collection Marin Karmitz. On a un souvenir personnel pr\u00e9cis de ce moment.<\/p>\n","protected":false},"author":1,"featured_media":0,"comment_status":"closed","ping_status":"closed","sticky":false,"template":"","format":"standard","meta":{"footnotes":""},"categories":[7,95,18],"tags":[472,271,473],"class_list":["post-3173","post","type-post","status-publish","format-standard","hentry","category-art","category-temps","category-vue","tag-moment","tag-photo","tag-souvenir"],"_links":{"self":[{"href":"https:\/\/jlggb.net\/blog8\/wp-json\/wp\/v2\/posts\/3173","targetHints":{"allow":["GET"]}}],"collection":[{"href":"https:\/\/jlggb.net\/blog8\/wp-json\/wp\/v2\/posts"}],"about":[{"href":"https:\/\/jlggb.net\/blog8\/wp-json\/wp\/v2\/types\/post"}],"author":[{"embeddable":true,"href":"https:\/\/jlggb.net\/blog8\/wp-json\/wp\/v2\/users\/1"}],"replies":[{"embeddable":true,"href":"https:\/\/jlggb.net\/blog8\/wp-json\/wp\/v2\/comments?post=3173"}],"version-history":[{"count":7,"href":"https:\/\/jlggb.net\/blog8\/wp-json\/wp\/v2\/posts\/3173\/revisions"}],"predecessor-version":[{"id":3182,"href":"https:\/\/jlggb.net\/blog8\/wp-json\/wp\/v2\/posts\/3173\/revisions\/3182"}],"wp:attachment":[{"href":"https:\/\/jlggb.net\/blog8\/wp-json\/wp\/v2\/media?parent=3173"}],"wp:term":[{"taxonomy":"category","embeddable":true,"href":"https:\/\/jlggb.net\/blog8\/wp-json\/wp\/v2\/categories?post=3173"},{"taxonomy":"post_tag","embeddable":true,"href":"https:\/\/jlggb.net\/blog8\/wp-json\/wp\/v2\/tags?post=3173"}],"curies":[{"name":"wp","href":"https:\/\/api.w.org\/{rel}","templated":true}]}}