{"id":3159,"date":"2023-09-17T11:00:22","date_gmt":"2023-09-17T09:00:22","guid":{"rendered":"http:\/\/jlggb.net\/blog8\/?p=3159"},"modified":"2023-09-27T00:15:15","modified_gmt":"2023-09-26T22:15:15","slug":"17-septembre","status":"publish","type":"post","link":"https:\/\/jlggb.net\/blog8\/2023\/09\/17\/17-septembre\/","title":{"rendered":"17 septembre"},"content":{"rendered":"<p><a href=\"https:\/\/jlggb.net\/blog8\/wp-content\/uploads\/2023\/09\/emma-robe-blanche-print-copie-scaled.jpg\" data-rel=\"lightbox-image-0\" data-imagelightbox=\"0\" data-rl_title=\"\" data-rl_caption=\"\" title=\"\"><img loading=\"lazy\" decoding=\"async\" class=\"alignnone wp-image-3160\" src=\"https:\/\/jlggb.net\/blog8\/wp-content\/uploads\/2023\/09\/emma-robe-blanche-print-copie-scaled.jpg\" alt=\"\" width=\"640\" height=\"905\" srcset=\"https:\/\/jlggb.net\/blog8\/wp-content\/uploads\/2023\/09\/emma-robe-blanche-print-copie-scaled.jpg 1810w, https:\/\/jlggb.net\/blog8\/wp-content\/uploads\/2023\/09\/emma-robe-blanche-print-copie-212x300.jpg 212w, https:\/\/jlggb.net\/blog8\/wp-content\/uploads\/2023\/09\/emma-robe-blanche-print-copie-724x1024.jpg 724w, https:\/\/jlggb.net\/blog8\/wp-content\/uploads\/2023\/09\/emma-robe-blanche-print-copie-768x1086.jpg 768w, https:\/\/jlggb.net\/blog8\/wp-content\/uploads\/2023\/09\/emma-robe-blanche-print-copie-1086x1536.jpg 1086w, https:\/\/jlggb.net\/blog8\/wp-content\/uploads\/2023\/09\/emma-robe-blanche-print-copie-1448x2048.jpg 1448w, https:\/\/jlggb.net\/blog8\/wp-content\/uploads\/2023\/09\/emma-robe-blanche-print-copie-106x150.jpg 106w\" sizes=\"auto, (max-width: 640px) 100vw, 640px\" \/><\/a><br \/>\nDimanche 17 septembre 2023. Notre m\u00e8re, Emma, est n\u00e9e le 17 septembre 1913. Elle a ici 20 ans, devenue institutrice. La cour d&rsquo;une ferme ancienne, la ligne de la montagne le montrent, elle est chez sa s\u0153ur Andr\u00e9e, son beau-fr\u00e8re Edmond, au Rivier, Cognin les Gorges, Is\u00e8re.<\/p>\n","protected":false},"excerpt":{"rendered":"<p>Dimanche 17 septembre 2023. Notre m\u00e8re, Emma, est n\u00e9e le 17 septembre 1913. Elle a ici 20 ans, devenue institutrice. La cour d&rsquo;une ferme ancienne, la ligne de la montagne le montrent, elle est chez sa s\u0153ur Andr\u00e9e, son beau-fr\u00e8re Edmond, au Rivier, Cognin les Gorges, Is\u00e8re.<\/p>\n","protected":false},"author":1,"featured_media":0,"comment_status":"closed","ping_status":"closed","sticky":false,"template":"","format":"standard","meta":{"footnotes":""},"categories":[113,133,19],"tags":[263,333,38],"class_list":["post-3159","post","type-post","status-publish","format-standard","hentry","category-dire","category-nom","category-vie","tag-anniversaire","tag-lieu","tag-photographie"],"_links":{"self":[{"href":"https:\/\/jlggb.net\/blog8\/wp-json\/wp\/v2\/posts\/3159","targetHints":{"allow":["GET"]}}],"collection":[{"href":"https:\/\/jlggb.net\/blog8\/wp-json\/wp\/v2\/posts"}],"about":[{"href":"https:\/\/jlggb.net\/blog8\/wp-json\/wp\/v2\/types\/post"}],"author":[{"embeddable":true,"href":"https:\/\/jlggb.net\/blog8\/wp-json\/wp\/v2\/users\/1"}],"replies":[{"embeddable":true,"href":"https:\/\/jlggb.net\/blog8\/wp-json\/wp\/v2\/comments?post=3159"}],"version-history":[{"count":2,"href":"https:\/\/jlggb.net\/blog8\/wp-json\/wp\/v2\/posts\/3159\/revisions"}],"predecessor-version":[{"id":3162,"href":"https:\/\/jlggb.net\/blog8\/wp-json\/wp\/v2\/posts\/3159\/revisions\/3162"}],"wp:attachment":[{"href":"https:\/\/jlggb.net\/blog8\/wp-json\/wp\/v2\/media?parent=3159"}],"wp:term":[{"taxonomy":"category","embeddable":true,"href":"https:\/\/jlggb.net\/blog8\/wp-json\/wp\/v2\/categories?post=3159"},{"taxonomy":"post_tag","embeddable":true,"href":"https:\/\/jlggb.net\/blog8\/wp-json\/wp\/v2\/tags?post=3159"}],"curies":[{"name":"wp","href":"https:\/\/api.w.org\/{rel}","templated":true}]}}