{"id":3135,"date":"2023-09-02T12:00:38","date_gmt":"2023-09-02T10:00:38","guid":{"rendered":"http:\/\/jlggb.net\/blog8\/?p=3135"},"modified":"2024-03-08T23:15:51","modified_gmt":"2024-03-08T22:15:51","slug":"raporter-la-vie-des-objets-ch-152","status":"publish","type":"post","link":"https:\/\/jlggb.net\/blog8\/2023\/09\/02\/raporter-la-vie-des-objets-ch-152\/","title":{"rendered":"Rapporter (La vie des objets. Ch. 142)"},"content":{"rendered":"<p><a href=\"https:\/\/jlggb.net\/blog8\/wp-content\/uploads\/2023\/09\/hoglund_1963_20230902_square-scaled.jpg\" data-rel=\"lightbox-image-0\" data-imagelightbox=\"0\" data-rl_title=\"\" data-rl_caption=\"\" title=\"\"><img loading=\"lazy\" decoding=\"async\" class=\"alignnone size-full wp-image-3125\" src=\"https:\/\/jlggb.net\/blog8\/wp-content\/uploads\/2023\/09\/hoglund_1963_20230902_square-scaled.jpg\" alt=\"\" width=\"2560\" height=\"2560\" srcset=\"https:\/\/jlggb.net\/blog8\/wp-content\/uploads\/2023\/09\/hoglund_1963_20230902_square-scaled.jpg 2560w, https:\/\/jlggb.net\/blog8\/wp-content\/uploads\/2023\/09\/hoglund_1963_20230902_square-300x300.jpg 300w, https:\/\/jlggb.net\/blog8\/wp-content\/uploads\/2023\/09\/hoglund_1963_20230902_square-1024x1024.jpg 1024w, https:\/\/jlggb.net\/blog8\/wp-content\/uploads\/2023\/09\/hoglund_1963_20230902_square-150x150.jpg 150w, https:\/\/jlggb.net\/blog8\/wp-content\/uploads\/2023\/09\/hoglund_1963_20230902_square-768x768.jpg 768w, https:\/\/jlggb.net\/blog8\/wp-content\/uploads\/2023\/09\/hoglund_1963_20230902_square-1536x1536.jpg 1536w, https:\/\/jlggb.net\/blog8\/wp-content\/uploads\/2023\/09\/hoglund_1963_20230902_square-2048x2048.jpg 2048w\" sizes=\"auto, (max-width: 2560px) 100vw, 2560px\" \/><\/a><br \/>\n<a href=\"https:\/\/jlggb.net\/blog8\/wp-content\/uploads\/2023\/09\/hoglund_1963_20230902_sup_full-scaled.jpg\" data-rel=\"lightbox-image-1\" data-imagelightbox=\"1\" data-rl_title=\"\" data-rl_caption=\"\" title=\"\"><img loading=\"lazy\" decoding=\"async\" src=\"https:\/\/jlggb.net\/blog8\/wp-content\/uploads\/2023\/09\/hoglund_1963_20230902_sup_full-scaled.jpg\" alt=\"\" width=\"640\" height=\"480\" class=\"alignnone size-full wp-image-3142\" srcset=\"https:\/\/jlggb.net\/blog8\/wp-content\/uploads\/2023\/09\/hoglund_1963_20230902_sup_full-scaled.jpg 2560w, https:\/\/jlggb.net\/blog8\/wp-content\/uploads\/2023\/09\/hoglund_1963_20230902_sup_full-300x225.jpg 300w, https:\/\/jlggb.net\/blog8\/wp-content\/uploads\/2023\/09\/hoglund_1963_20230902_sup_full-1024x768.jpg 1024w, https:\/\/jlggb.net\/blog8\/wp-content\/uploads\/2023\/09\/hoglund_1963_20230902_sup_full-768x576.jpg 768w, https:\/\/jlggb.net\/blog8\/wp-content\/uploads\/2023\/09\/hoglund_1963_20230902_sup_full-1536x1152.jpg 1536w, https:\/\/jlggb.net\/blog8\/wp-content\/uploads\/2023\/09\/hoglund_1963_20230902_sup_full-2048x1536.jpg 2048w, https:\/\/jlggb.net\/blog8\/wp-content\/uploads\/2023\/09\/hoglund_1963_20230902_sup_full-150x113.jpg 150w\" sizes=\"auto, (max-width: 640px) 100vw, 640px\" \/><\/a><br \/>\nSamedi 2 juillet 2023, midi, Paris. Rapport\u00e9e il y a exactement 60 ans d\u2019un voyage en auto-stop \u00e0 Stockholm, photographi\u00e9e aujourd\u2019hui \u00e0 Paris, une petite bouteille en verre rouge de Erik H\u00f6glund. D\u00e9j\u00e0 d\u00e9crite en 2009&nbsp;: <a href=\"http:\/\/jlggb.net\/blog\/?p=2169\" rel=\"noopener\" target=\"_blank\">http:\/\/jlggb.net\/blog\/?p=2169<\/a><\/p>\n","protected":false},"excerpt":{"rendered":"<p>Samedi 2 juillet 2023, midi, Paris. Rapport\u00e9e il y a exactement 60 ans d\u2019un voyage en auto-stop \u00e0 Stockholm, photographi\u00e9e aujourd\u2019hui \u00e0 Paris, une petite bouteille en verre rouge de Erik H\u00f6glund. D\u00e9j\u00e0 d\u00e9crite en 2009&nbsp;: http:\/\/jlggb.net\/blog\/?p=2169<\/p>\n","protected":false},"author":1,"featured_media":0,"comment_status":"closed","ping_status":"closed","sticky":false,"template":"","format":"standard","meta":{"footnotes":""},"categories":[20,13,28,95],"tags":[263,194,135,467,26],"class_list":["post-3135","post","type-post","status-publish","format-standard","hentry","category-contexte","category-couleur","category-objet","category-temps","tag-anniversaire","tag-design","tag-rouge","tag-suede","tag-verre"],"_links":{"self":[{"href":"https:\/\/jlggb.net\/blog8\/wp-json\/wp\/v2\/posts\/3135","targetHints":{"allow":["GET"]}}],"collection":[{"href":"https:\/\/jlggb.net\/blog8\/wp-json\/wp\/v2\/posts"}],"about":[{"href":"https:\/\/jlggb.net\/blog8\/wp-json\/wp\/v2\/types\/post"}],"author":[{"embeddable":true,"href":"https:\/\/jlggb.net\/blog8\/wp-json\/wp\/v2\/users\/1"}],"replies":[{"embeddable":true,"href":"https:\/\/jlggb.net\/blog8\/wp-json\/wp\/v2\/comments?post=3135"}],"version-history":[{"count":8,"href":"https:\/\/jlggb.net\/blog8\/wp-json\/wp\/v2\/posts\/3135\/revisions"}],"predecessor-version":[{"id":3894,"href":"https:\/\/jlggb.net\/blog8\/wp-json\/wp\/v2\/posts\/3135\/revisions\/3894"}],"wp:attachment":[{"href":"https:\/\/jlggb.net\/blog8\/wp-json\/wp\/v2\/media?parent=3135"}],"wp:term":[{"taxonomy":"category","embeddable":true,"href":"https:\/\/jlggb.net\/blog8\/wp-json\/wp\/v2\/categories?post=3135"},{"taxonomy":"post_tag","embeddable":true,"href":"https:\/\/jlggb.net\/blog8\/wp-json\/wp\/v2\/tags?post=3135"}],"curies":[{"name":"wp","href":"https:\/\/api.w.org\/{rel}","templated":true}]}}