{"id":3012,"date":"2023-08-13T15:00:03","date_gmt":"2023-08-13T13:00:03","guid":{"rendered":"http:\/\/jlggb.net\/blog8\/?p=3012"},"modified":"2023-08-17T00:14:15","modified_gmt":"2023-08-16T22:14:15","slug":"pavillon","status":"publish","type":"post","link":"https:\/\/jlggb.net\/blog8\/2023\/08\/13\/pavillon\/","title":{"rendered":"Belv\u00e9d\u00e8re tout en bois"},"content":{"rendered":"<p><a href=\"https:\/\/jlggb.net\/blog8\/wp-content\/uploads\/2023\/08\/pavillon_voirons_20230813_full-scaled.jpg\" data-rel=\"lightbox-image-0\" data-imagelightbox=\"0\" data-rl_title=\"\" data-rl_caption=\"\" title=\"\"><img loading=\"lazy\" decoding=\"async\" src=\"https:\/\/jlggb.net\/blog8\/wp-content\/uploads\/2023\/08\/pavillon_voirons_20230813_full-scaled.jpg\" alt=\"\" width=\"2560\" height=\"1920\" class=\"alignnone size-full wp-image-3013\" srcset=\"https:\/\/jlggb.net\/blog8\/wp-content\/uploads\/2023\/08\/pavillon_voirons_20230813_full-scaled.jpg 2560w, https:\/\/jlggb.net\/blog8\/wp-content\/uploads\/2023\/08\/pavillon_voirons_20230813_full-300x225.jpg 300w, https:\/\/jlggb.net\/blog8\/wp-content\/uploads\/2023\/08\/pavillon_voirons_20230813_full-1024x768.jpg 1024w, https:\/\/jlggb.net\/blog8\/wp-content\/uploads\/2023\/08\/pavillon_voirons_20230813_full-768x576.jpg 768w, https:\/\/jlggb.net\/blog8\/wp-content\/uploads\/2023\/08\/pavillon_voirons_20230813_full-1536x1152.jpg 1536w, https:\/\/jlggb.net\/blog8\/wp-content\/uploads\/2023\/08\/pavillon_voirons_20230813_full-2048x1536.jpg 2048w, https:\/\/jlggb.net\/blog8\/wp-content\/uploads\/2023\/08\/pavillon_voirons_20230813_full-150x113.jpg 150w\" sizes=\"auto, (max-width: 2560px) 100vw, 2560px\" \/><\/a><br \/>\nDimanche 13 ao\u00fbt 2023, 15h, Signal des Voirons, parcours artistique \u00ab\u00a0Chemin des cr\u00eates\u00a0\u00bb, par la Villa du Parc. Collectif M.U.L.O.T. Julie Boirin, Anouck Jacquet, Ana\u00efs Jeantils, El\u00e9onore Mougel, Marine Pigal,<br \/>\n\u00ab Rendez-vous sur les joncs \u00bb, cabane en bois, 2023, sapin\/\u00e9pic\u00e9a brut de sciage, provenance Vall\u00e9e Verte, Scierie Pomel Fr\u00e8res, Bo\u00ebge. Apr\u00e8s deux heures \u00e0 monter, boire et manger ce que l&rsquo;on a dans le sac, l&rsquo;endroit heureux, qui \u00e9chappe \u00e0 la canicule.<\/p>\n","protected":false},"excerpt":{"rendered":"<p>Dimanche 13 ao\u00fbt 2023, 15h, Signal des Voirons, parcours artistique \u00ab\u00a0Chemin des cr\u00eates\u00a0\u00bb, par la Villa du Parc. Collectif M.U.L.O.T. Julie Boirin, Anouck Jacquet, Ana\u00efs Jeantils, El\u00e9onore Mougel, Marine Pigal, \u00ab Rendez-vous sur les joncs \u00bb, cabane en bois, 2023, sapin\/\u00e9pic\u00e9a brut de sciage, provenance Vall\u00e9e Verte, Scierie Pomel Fr\u00e8res, Bo\u00ebge. Apr\u00e8s deux heures \u00e0 &hellip; <a href=\"https:\/\/jlggb.net\/blog8\/2023\/08\/13\/pavillon\/\" class=\"more-link\">Continuer la lecture de <span class=\"screen-reader-text\">Belv\u00e9d\u00e8re tout en bois<\/span><\/a><\/p>\n","protected":false},"author":1,"featured_media":0,"comment_status":"closed","ping_status":"closed","sticky":false,"template":"","format":"standard","meta":{"footnotes":""},"categories":[7,122,20,47,18],"tags":[64,454],"class_list":["post-3012","post","type-post","status-publish","format-standard","hentry","category-art","category-construction","category-contexte","category-travail","category-vue","tag-bois","tag-mont-blanc"],"_links":{"self":[{"href":"https:\/\/jlggb.net\/blog8\/wp-json\/wp\/v2\/posts\/3012","targetHints":{"allow":["GET"]}}],"collection":[{"href":"https:\/\/jlggb.net\/blog8\/wp-json\/wp\/v2\/posts"}],"about":[{"href":"https:\/\/jlggb.net\/blog8\/wp-json\/wp\/v2\/types\/post"}],"author":[{"embeddable":true,"href":"https:\/\/jlggb.net\/blog8\/wp-json\/wp\/v2\/users\/1"}],"replies":[{"embeddable":true,"href":"https:\/\/jlggb.net\/blog8\/wp-json\/wp\/v2\/comments?post=3012"}],"version-history":[{"count":9,"href":"https:\/\/jlggb.net\/blog8\/wp-json\/wp\/v2\/posts\/3012\/revisions"}],"predecessor-version":[{"id":3022,"href":"https:\/\/jlggb.net\/blog8\/wp-json\/wp\/v2\/posts\/3012\/revisions\/3022"}],"wp:attachment":[{"href":"https:\/\/jlggb.net\/blog8\/wp-json\/wp\/v2\/media?parent=3012"}],"wp:term":[{"taxonomy":"category","embeddable":true,"href":"https:\/\/jlggb.net\/blog8\/wp-json\/wp\/v2\/categories?post=3012"},{"taxonomy":"post_tag","embeddable":true,"href":"https:\/\/jlggb.net\/blog8\/wp-json\/wp\/v2\/tags?post=3012"}],"curies":[{"name":"wp","href":"https:\/\/api.w.org\/{rel}","templated":true}]}}