{"id":2810,"date":"2023-07-23T11:00:37","date_gmt":"2023-07-23T09:00:37","guid":{"rendered":"http:\/\/jlggb.net\/blog8\/?p=2810"},"modified":"2023-08-01T14:51:27","modified_gmt":"2023-08-01T12:51:27","slug":"la-cascade-sans-eau","status":"publish","type":"post","link":"https:\/\/jlggb.net\/blog8\/2023\/07\/23\/la-cascade-sans-eau\/","title":{"rendered":"La cascade est sans eau"},"content":{"rendered":"<p><a href=\"https:\/\/jlggb.net\/blog8\/wp-content\/uploads\/2023\/07\/motiers_cascade_20230722_square-scaled.jpg\" data-rel=\"lightbox-image-0\" data-imagelightbox=\"0\" data-rl_title=\"\" data-rl_caption=\"\" title=\"\"><img loading=\"lazy\" decoding=\"async\" src=\"https:\/\/jlggb.net\/blog8\/wp-content\/uploads\/2023\/07\/motiers_cascade_20230722_square-scaled.jpg\" alt=\"\" width=\"640\" height=\"640\" class=\"alignnone size-full wp-image-2811\" srcset=\"https:\/\/jlggb.net\/blog8\/wp-content\/uploads\/2023\/07\/motiers_cascade_20230722_square-scaled.jpg 2560w, https:\/\/jlggb.net\/blog8\/wp-content\/uploads\/2023\/07\/motiers_cascade_20230722_square-300x300.jpg 300w, https:\/\/jlggb.net\/blog8\/wp-content\/uploads\/2023\/07\/motiers_cascade_20230722_square-1024x1024.jpg 1024w, https:\/\/jlggb.net\/blog8\/wp-content\/uploads\/2023\/07\/motiers_cascade_20230722_square-150x150.jpg 150w, https:\/\/jlggb.net\/blog8\/wp-content\/uploads\/2023\/07\/motiers_cascade_20230722_square-768x768.jpg 768w, https:\/\/jlggb.net\/blog8\/wp-content\/uploads\/2023\/07\/motiers_cascade_20230722_square-1536x1536.jpg 1536w, https:\/\/jlggb.net\/blog8\/wp-content\/uploads\/2023\/07\/motiers_cascade_20230722_square-2048x2048.jpg 2048w\" sizes=\"auto, (max-width: 640px) 100vw, 640px\" \/><\/a><br \/>\nDimanche 23 juillet 2023, 11h, M\u00f4tiers, Val-de-Travers. La cascade de Rousseau, avec sa grotte, n&rsquo;a aujourd&rsquo;hui que les traces du jaillissement de son eau. On sait que le temps du lendemain sera orageux, mais pas que la r\u00e9gion, dont les villes de La Chaux-de-Fonds, Le Locle, vont conna\u00eetre une temp\u00eate destructrice et mortelle.<\/p>\n","protected":false},"excerpt":{"rendered":"<p>Dimanche 23 juillet 2023, 11h, M\u00f4tiers, Val-de-Travers. La cascade de Rousseau, avec sa grotte, n&rsquo;a aujourd&rsquo;hui que les traces du jaillissement de son eau. On sait que le temps du lendemain sera orageux, mais pas que la r\u00e9gion, dont les villes de La Chaux-de-Fonds, Le Locle, vont conna\u00eetre une temp\u00eate destructrice et mortelle.<\/p>\n","protected":false},"author":1,"featured_media":0,"comment_status":"closed","ping_status":"closed","sticky":false,"template":"","format":"standard","meta":{"footnotes":""},"categories":[53,16],"tags":[219,297],"class_list":["post-2810","post","type-post","status-publish","format-standard","hentry","category-histoire","category-moment","tag-climat","tag-jean-jacques-rousseau"],"_links":{"self":[{"href":"https:\/\/jlggb.net\/blog8\/wp-json\/wp\/v2\/posts\/2810","targetHints":{"allow":["GET"]}}],"collection":[{"href":"https:\/\/jlggb.net\/blog8\/wp-json\/wp\/v2\/posts"}],"about":[{"href":"https:\/\/jlggb.net\/blog8\/wp-json\/wp\/v2\/types\/post"}],"author":[{"embeddable":true,"href":"https:\/\/jlggb.net\/blog8\/wp-json\/wp\/v2\/users\/1"}],"replies":[{"embeddable":true,"href":"https:\/\/jlggb.net\/blog8\/wp-json\/wp\/v2\/comments?post=2810"}],"version-history":[{"count":4,"href":"https:\/\/jlggb.net\/blog8\/wp-json\/wp\/v2\/posts\/2810\/revisions"}],"predecessor-version":[{"id":2823,"href":"https:\/\/jlggb.net\/blog8\/wp-json\/wp\/v2\/posts\/2810\/revisions\/2823"}],"wp:attachment":[{"href":"https:\/\/jlggb.net\/blog8\/wp-json\/wp\/v2\/media?parent=2810"}],"wp:term":[{"taxonomy":"category","embeddable":true,"href":"https:\/\/jlggb.net\/blog8\/wp-json\/wp\/v2\/categories?post=2810"},{"taxonomy":"post_tag","embeddable":true,"href":"https:\/\/jlggb.net\/blog8\/wp-json\/wp\/v2\/tags?post=2810"}],"curies":[{"name":"wp","href":"https:\/\/api.w.org\/{rel}","templated":true}]}}