{"id":2739,"date":"2023-07-12T16:18:23","date_gmt":"2023-07-12T14:18:23","guid":{"rendered":"http:\/\/jlggb.net\/blog8\/?p=2739"},"modified":"2023-07-17T13:01:52","modified_gmt":"2023-07-17T11:01:52","slug":"triangulation","status":"publish","type":"post","link":"https:\/\/jlggb.net\/blog8\/2023\/07\/12\/triangulation\/","title":{"rendered":"Triangulation"},"content":{"rendered":"<p><a href=\"https:\/\/jlggb.net\/blog8\/wp-content\/uploads\/2023\/07\/dezeuze_nancy_20230712_square-scaled.jpg\" data-rel=\"lightbox-image-0\" data-imagelightbox=\"0\" data-rl_title=\"\" data-rl_caption=\"\" title=\"\"><img loading=\"lazy\" decoding=\"async\" src=\"https:\/\/jlggb.net\/blog8\/wp-content\/uploads\/2023\/07\/dezeuze_nancy_20230712_square-scaled.jpg\" alt=\"\" width=\"640\" height=\"640\" class=\"alignnone size-full wp-image-2740\" srcset=\"https:\/\/jlggb.net\/blog8\/wp-content\/uploads\/2023\/07\/dezeuze_nancy_20230712_square-scaled.jpg 2560w, https:\/\/jlggb.net\/blog8\/wp-content\/uploads\/2023\/07\/dezeuze_nancy_20230712_square-300x300.jpg 300w, https:\/\/jlggb.net\/blog8\/wp-content\/uploads\/2023\/07\/dezeuze_nancy_20230712_square-1024x1024.jpg 1024w, https:\/\/jlggb.net\/blog8\/wp-content\/uploads\/2023\/07\/dezeuze_nancy_20230712_square-150x150.jpg 150w, https:\/\/jlggb.net\/blog8\/wp-content\/uploads\/2023\/07\/dezeuze_nancy_20230712_square-768x768.jpg 768w, https:\/\/jlggb.net\/blog8\/wp-content\/uploads\/2023\/07\/dezeuze_nancy_20230712_square-1536x1536.jpg 1536w, https:\/\/jlggb.net\/blog8\/wp-content\/uploads\/2023\/07\/dezeuze_nancy_20230712_square-2048x2048.jpg 2048w\" sizes=\"auto, (max-width: 640px) 100vw, 640px\" \/><\/a><br \/>\nMercredi 12 juillet 2023, 16h18, Mus\u00e9e des beaux-arts, Nancy. Daniel Dezeuze, <em>Triangulation avec taches brunes<\/em>, 1975. Remarque&nbsp;: la perspective de cette photographie et un l\u00e9ger redressement num\u00e9rique ne permettent pas de rendre v\u00e9ritablement compte de la g\u00e9om\u00e9trie et des proportions de l&rsquo;\u0153uvre. Cette \u00ab&nbsp;difficult\u00e9&nbsp;\u00bb est l&rsquo;une des qualit\u00e9s de la proposition.<\/p>\n","protected":false},"excerpt":{"rendered":"<p>Mercredi 12 juillet 2023, 16h18, Mus\u00e9e des beaux-arts, Nancy. Daniel Dezeuze, Triangulation avec taches brunes, 1975. Remarque&nbsp;: la perspective de cette photographie et un l\u00e9ger redressement num\u00e9rique ne permettent pas de rendre v\u00e9ritablement compte de la g\u00e9om\u00e9trie et des proportions de l&rsquo;\u0153uvre. Cette \u00ab&nbsp;difficult\u00e9&nbsp;\u00bb est l&rsquo;une des qualit\u00e9s de la proposition.<\/p>\n","protected":false},"author":1,"featured_media":0,"comment_status":"closed","ping_status":"closed","sticky":false,"template":"","format":"standard","meta":{"footnotes":""},"categories":[7],"tags":[162,64,161,422,421],"class_list":["post-2739","post","type-post","status-publish","format-standard","hentry","category-art","tag-abstrait","tag-bois","tag-concret","tag-geometrie","tag-signe"],"_links":{"self":[{"href":"https:\/\/jlggb.net\/blog8\/wp-json\/wp\/v2\/posts\/2739","targetHints":{"allow":["GET"]}}],"collection":[{"href":"https:\/\/jlggb.net\/blog8\/wp-json\/wp\/v2\/posts"}],"about":[{"href":"https:\/\/jlggb.net\/blog8\/wp-json\/wp\/v2\/types\/post"}],"author":[{"embeddable":true,"href":"https:\/\/jlggb.net\/blog8\/wp-json\/wp\/v2\/users\/1"}],"replies":[{"embeddable":true,"href":"https:\/\/jlggb.net\/blog8\/wp-json\/wp\/v2\/comments?post=2739"}],"version-history":[{"count":5,"href":"https:\/\/jlggb.net\/blog8\/wp-json\/wp\/v2\/posts\/2739\/revisions"}],"predecessor-version":[{"id":2745,"href":"https:\/\/jlggb.net\/blog8\/wp-json\/wp\/v2\/posts\/2739\/revisions\/2745"}],"wp:attachment":[{"href":"https:\/\/jlggb.net\/blog8\/wp-json\/wp\/v2\/media?parent=2739"}],"wp:term":[{"taxonomy":"category","embeddable":true,"href":"https:\/\/jlggb.net\/blog8\/wp-json\/wp\/v2\/categories?post=2739"},{"taxonomy":"post_tag","embeddable":true,"href":"https:\/\/jlggb.net\/blog8\/wp-json\/wp\/v2\/tags?post=2739"}],"curies":[{"name":"wp","href":"https:\/\/api.w.org\/{rel}","templated":true}]}}