{"id":2653,"date":"2023-07-13T19:00:00","date_gmt":"2023-07-13T17:00:00","guid":{"rendered":"http:\/\/jlggb.net\/blog8\/?p=2653"},"modified":"2023-07-15T01:32:10","modified_gmt":"2023-07-14T23:32:10","slug":"peinture-siderante","status":"publish","type":"post","link":"https:\/\/jlggb.net\/blog8\/2023\/07\/13\/peinture-siderante\/","title":{"rendered":"Peinture sid\u00e9rante"},"content":{"rendered":"<p><a href=\"https:\/\/jlggb.net\/blog8\/wp-content\/uploads\/2023\/07\/manet_morizot_deuil_20230713_full-scaled.jpg\" data-rel=\"lightbox-image-0\" data-imagelightbox=\"0\" data-rl_title=\"\" data-rl_caption=\"\" title=\"\"><img loading=\"lazy\" decoding=\"async\" class=\"alignnone wp-image-2654\" src=\"https:\/\/jlggb.net\/blog8\/wp-content\/uploads\/2023\/07\/manet_morizot_deuil_20230713_full-scaled.jpg\" alt=\"\" width=\"640\" height=\"785\" srcset=\"https:\/\/jlggb.net\/blog8\/wp-content\/uploads\/2023\/07\/manet_morizot_deuil_20230713_full-scaled.jpg 2086w, https:\/\/jlggb.net\/blog8\/wp-content\/uploads\/2023\/07\/manet_morizot_deuil_20230713_full-244x300.jpg 244w, https:\/\/jlggb.net\/blog8\/wp-content\/uploads\/2023\/07\/manet_morizot_deuil_20230713_full-834x1024.jpg 834w, https:\/\/jlggb.net\/blog8\/wp-content\/uploads\/2023\/07\/manet_morizot_deuil_20230713_full-768x942.jpg 768w, https:\/\/jlggb.net\/blog8\/wp-content\/uploads\/2023\/07\/manet_morizot_deuil_20230713_full-1252x1536.jpg 1252w, https:\/\/jlggb.net\/blog8\/wp-content\/uploads\/2023\/07\/manet_morizot_deuil_20230713_full-1669x2048.jpg 1669w, https:\/\/jlggb.net\/blog8\/wp-content\/uploads\/2023\/07\/manet_morizot_deuil_20230713_full-122x150.jpg 122w\" sizes=\"auto, (max-width: 640px) 100vw, 640px\" \/><\/a><br \/>\nMercredi 13 juillet 2023, 19h, Mus\u00e9e d&rsquo;Orsay. \u00c9douard Manet, <i>Berthe Morisot au chapeau de deuil<\/i>, 1874, Collection particuli\u00e8re, exposition Manet \/ Degas. Inconnue \u2014 elle fit partie de la collection de Degas \u2014, plus impressionnante encore que <i>Berthe Morisot au bouquet de violettes<\/i>, 1872, vue depuis toujours au mus\u00e9e. Pas le sourire, pas exactement l&rsquo;\u00e9l\u00e9gance, le regard, \u00ab peinture sid\u00e9rante \u00bb a dit l&rsquo;ami Jean-Philippe, grand connaisseur, d\u00e8s la publication par moi aujourd&rsquo;hui sur Instagram.<\/p>\n","protected":false},"excerpt":{"rendered":"<p>Mercredi 13 juillet 2023, 19h, Mus\u00e9e d&rsquo;Orsay. \u00c9douard Manet, Berthe Morisot au chapeau de deuil, 1874, Collection particuli\u00e8re, exposition Manet \/ Degas. Inconnue \u2014 elle fit partie de la collection de Degas \u2014, plus impressionnante encore que Berthe Morisot au bouquet de violettes, 1872, vue depuis toujours au mus\u00e9e. Pas le sourire, pas exactement l&rsquo;\u00e9l\u00e9gance, &hellip; <a href=\"https:\/\/jlggb.net\/blog8\/2023\/07\/13\/peinture-siderante\/\" class=\"more-link\">Continuer la lecture de <span class=\"screen-reader-text\">Peinture sid\u00e9rante<\/span><\/a><\/p>\n","protected":false},"author":1,"featured_media":0,"comment_status":"closed","ping_status":"closed","sticky":false,"template":"","format":"standard","meta":{"footnotes":""},"categories":[7,17],"tags":[114,82,410],"class_list":["post-2653","post","type-post","status-publish","format-standard","hentry","category-art","category-evenement","tag-noir","tag-peinture","tag-portrait"],"_links":{"self":[{"href":"https:\/\/jlggb.net\/blog8\/wp-json\/wp\/v2\/posts\/2653","targetHints":{"allow":["GET"]}}],"collection":[{"href":"https:\/\/jlggb.net\/blog8\/wp-json\/wp\/v2\/posts"}],"about":[{"href":"https:\/\/jlggb.net\/blog8\/wp-json\/wp\/v2\/types\/post"}],"author":[{"embeddable":true,"href":"https:\/\/jlggb.net\/blog8\/wp-json\/wp\/v2\/users\/1"}],"replies":[{"embeddable":true,"href":"https:\/\/jlggb.net\/blog8\/wp-json\/wp\/v2\/comments?post=2653"}],"version-history":[{"count":6,"href":"https:\/\/jlggb.net\/blog8\/wp-json\/wp\/v2\/posts\/2653\/revisions"}],"predecessor-version":[{"id":2667,"href":"https:\/\/jlggb.net\/blog8\/wp-json\/wp\/v2\/posts\/2653\/revisions\/2667"}],"wp:attachment":[{"href":"https:\/\/jlggb.net\/blog8\/wp-json\/wp\/v2\/media?parent=2653"}],"wp:term":[{"taxonomy":"category","embeddable":true,"href":"https:\/\/jlggb.net\/blog8\/wp-json\/wp\/v2\/categories?post=2653"},{"taxonomy":"post_tag","embeddable":true,"href":"https:\/\/jlggb.net\/blog8\/wp-json\/wp\/v2\/tags?post=2653"}],"curies":[{"name":"wp","href":"https:\/\/api.w.org\/{rel}","templated":true}]}}