{"id":265,"date":"2022-01-14T15:00:02","date_gmt":"2022-01-14T14:00:02","guid":{"rendered":"http:\/\/jlggb.net\/blog8\/?p=265"},"modified":"2022-01-28T23:45:15","modified_gmt":"2022-01-28T22:45:15","slug":"resistants-en-bordure","status":"publish","type":"post","link":"https:\/\/jlggb.net\/blog8\/2022\/01\/14\/resistants-en-bordure\/","title":{"rendered":"R\u00e9sistants en bordure"},"content":{"rendered":"<p><a href=\"https:\/\/jlggb.net\/blog8\/wp-content\/uploads\/2022\/01\/arbin-vallett-20220114-jlggb-scaled.jpg\" data-rel=\"lightbox-image-0\" data-imagelightbox=\"0\" data-rl_title=\"\" data-rl_caption=\"\" title=\"\"><img loading=\"lazy\" decoding=\"async\" class=\"alignnone size-full wp-image-271\" src=\"https:\/\/jlggb.net\/blog8\/wp-content\/uploads\/2022\/01\/arbin-vallett-20220114-jlggb-scaled.jpg\" alt=\"\" width=\"640\" height=\"480\" srcset=\"https:\/\/jlggb.net\/blog8\/wp-content\/uploads\/2022\/01\/arbin-vallett-20220114-jlggb-scaled.jpg 2560w, https:\/\/jlggb.net\/blog8\/wp-content\/uploads\/2022\/01\/arbin-vallett-20220114-jlggb-300x225.jpg 300w, https:\/\/jlggb.net\/blog8\/wp-content\/uploads\/2022\/01\/arbin-vallett-20220114-jlggb-1024x768.jpg 1024w, https:\/\/jlggb.net\/blog8\/wp-content\/uploads\/2022\/01\/arbin-vallett-20220114-jlggb-768x576.jpg 768w, https:\/\/jlggb.net\/blog8\/wp-content\/uploads\/2022\/01\/arbin-vallett-20220114-jlggb-1536x1152.jpg 1536w, https:\/\/jlggb.net\/blog8\/wp-content\/uploads\/2022\/01\/arbin-vallett-20220114-jlggb-2048x1536.jpg 2048w, https:\/\/jlggb.net\/blog8\/wp-content\/uploads\/2022\/01\/arbin-vallett-20220114-jlggb-150x113.jpg 150w\" sizes=\"auto, (max-width: 640px) 100vw, 640px\" \/><\/a><br \/>\n<a href=\"https:\/\/jlggb.net\/blog8\/wp-content\/uploads\/2022\/01\/arbin-loin-20220114-jlggb-scaled.jpg\" data-rel=\"lightbox-image-1\" data-imagelightbox=\"1\" data-rl_title=\"\" data-rl_caption=\"\" title=\"\"><img loading=\"lazy\" decoding=\"async\" class=\"alignnone size-full wp-image-272\" src=\"https:\/\/jlggb.net\/blog8\/wp-content\/uploads\/2022\/01\/arbin-loin-20220114-jlggb-scaled.jpg\" alt=\"\" width=\"640\" height=\"480\" srcset=\"https:\/\/jlggb.net\/blog8\/wp-content\/uploads\/2022\/01\/arbin-loin-20220114-jlggb-scaled.jpg 2560w, https:\/\/jlggb.net\/blog8\/wp-content\/uploads\/2022\/01\/arbin-loin-20220114-jlggb-300x225.jpg 300w, https:\/\/jlggb.net\/blog8\/wp-content\/uploads\/2022\/01\/arbin-loin-20220114-jlggb-1024x768.jpg 1024w, https:\/\/jlggb.net\/blog8\/wp-content\/uploads\/2022\/01\/arbin-loin-20220114-jlggb-768x576.jpg 768w, https:\/\/jlggb.net\/blog8\/wp-content\/uploads\/2022\/01\/arbin-loin-20220114-jlggb-1536x1152.jpg 1536w, https:\/\/jlggb.net\/blog8\/wp-content\/uploads\/2022\/01\/arbin-loin-20220114-jlggb-2048x1536.jpg 2048w, https:\/\/jlggb.net\/blog8\/wp-content\/uploads\/2022\/01\/arbin-loin-20220114-jlggb-150x113.jpg 150w\" sizes=\"auto, (max-width: 640px) 100vw, 640px\" \/><\/a><br \/>\nVendredi 14 janvier 2022, 15h, Arbin, Savoie. Connaissant, du sculpteur Marius Mars Vallett, ses <em>Deux enfants sous la neige<\/em>, ses statues de Jean-Jacques Rousseau et de Lamartine, il nous int\u00e9ressait de voir son monument aux fusill\u00e9s. Le 21 juin 1944, dix r\u00e9sistants furent fusill\u00e9s \u00e0 Arbin, \u00ab&nbsp;dans un champ en bordure de la Nationale&nbsp;6&nbsp;\u00bb \u2014 c\u00e9l\u00e8bre route reliant Paris \u00e0 l&rsquo;Italie par le Mont-Cenis.\u00a0En un lieu proche, ce monument leur fut dress\u00e9 en 1948. En 1983, il \u00e9tait d\u00e9plac\u00e9 en \u00ab&nbsp;un meilleur emplacement&nbsp;\u00bb qui aujourd&rsquo;hui est toujours en bordure, sur un parking de poids lourds. On l&rsquo;a trouv\u00e9 parce qu&rsquo;on s&rsquo;est tromp\u00e9s de route et extirp\u00e9s d&rsquo;une zone industrielle. Mais un ruisseau et ses arbres, le soleil couchant, lui donnent un paysage, et une image, honorables.<\/p>\n","protected":false},"excerpt":{"rendered":"<p>Vendredi 14 janvier 2022, 15h, Arbin, Savoie. Connaissant, du sculpteur Marius Mars Vallett, ses Deux enfants sous la neige, ses statues de Jean-Jacques Rousseau et de Lamartine, il nous int\u00e9ressait de voir son monument aux fusill\u00e9s. Le 21 juin 1944, dix r\u00e9sistants furent fusill\u00e9s \u00e0 Arbin, \u00ab&nbsp;dans un champ en bordure de la Nationale&nbsp;6&nbsp;\u00bb \u2014 &hellip; <a href=\"https:\/\/jlggb.net\/blog8\/2022\/01\/14\/resistants-en-bordure\/\" class=\"more-link\">Continuer la lecture de <span class=\"screen-reader-text\">R\u00e9sistants en bordure<\/span><\/a><\/p>\n","protected":false},"author":1,"featured_media":0,"comment_status":"closed","ping_status":"closed","sticky":false,"template":"","format":"standard","meta":{"footnotes":""},"categories":[7,20,53],"tags":[54,55,56],"class_list":["post-265","post","type-post","status-publish","format-standard","hentry","category-art","category-contexte","category-histoire","tag-marius-mars-vallett","tag-monument","tag-sculpture"],"_links":{"self":[{"href":"https:\/\/jlggb.net\/blog8\/wp-json\/wp\/v2\/posts\/265","targetHints":{"allow":["GET"]}}],"collection":[{"href":"https:\/\/jlggb.net\/blog8\/wp-json\/wp\/v2\/posts"}],"about":[{"href":"https:\/\/jlggb.net\/blog8\/wp-json\/wp\/v2\/types\/post"}],"author":[{"embeddable":true,"href":"https:\/\/jlggb.net\/blog8\/wp-json\/wp\/v2\/users\/1"}],"replies":[{"embeddable":true,"href":"https:\/\/jlggb.net\/blog8\/wp-json\/wp\/v2\/comments?post=265"}],"version-history":[{"count":10,"href":"https:\/\/jlggb.net\/blog8\/wp-json\/wp\/v2\/posts\/265\/revisions"}],"predecessor-version":[{"id":277,"href":"https:\/\/jlggb.net\/blog8\/wp-json\/wp\/v2\/posts\/265\/revisions\/277"}],"wp:attachment":[{"href":"https:\/\/jlggb.net\/blog8\/wp-json\/wp\/v2\/media?parent=265"}],"wp:term":[{"taxonomy":"category","embeddable":true,"href":"https:\/\/jlggb.net\/blog8\/wp-json\/wp\/v2\/categories?post=265"},{"taxonomy":"post_tag","embeddable":true,"href":"https:\/\/jlggb.net\/blog8\/wp-json\/wp\/v2\/tags?post=265"}],"curies":[{"name":"wp","href":"https:\/\/api.w.org\/{rel}","templated":true}]}}