{"id":2642,"date":"2023-07-05T18:00:07","date_gmt":"2023-07-05T16:00:07","guid":{"rendered":"http:\/\/jlggb.net\/blog8\/?p=2642"},"modified":"2023-07-10T13:03:30","modified_gmt":"2023-07-10T11:03:30","slug":"reconstitution-et-exposition","status":"publish","type":"post","link":"https:\/\/jlggb.net\/blog8\/2023\/07\/05\/reconstitution-et-exposition\/","title":{"rendered":"Reconstitution"},"content":{"rendered":"<p><a href=\"https:\/\/jlggb.net\/blog8\/wp-content\/uploads\/2023\/07\/LeBus_immateriaux_-1985_jlb_full-scaled.jpg\" data-rel=\"lightbox-image-0\" data-imagelightbox=\"0\" data-rl_title=\"\" data-rl_caption=\"\" title=\"\"><img loading=\"lazy\" decoding=\"async\" src=\"https:\/\/jlggb.net\/blog8\/wp-content\/uploads\/2023\/07\/LeBus_immateriaux_-1985_jlb_full-scaled.jpg\" alt=\"\" width=\"640\" height=\"480\" class=\"alignnone size-full wp-image-2644\" srcset=\"https:\/\/jlggb.net\/blog8\/wp-content\/uploads\/2023\/07\/LeBus_immateriaux_-1985_jlb_full-scaled.jpg 2560w, https:\/\/jlggb.net\/blog8\/wp-content\/uploads\/2023\/07\/LeBus_immateriaux_-1985_jlb_full-300x225.jpg 300w, https:\/\/jlggb.net\/blog8\/wp-content\/uploads\/2023\/07\/LeBus_immateriaux_-1985_jlb_full-1024x768.jpg 1024w, https:\/\/jlggb.net\/blog8\/wp-content\/uploads\/2023\/07\/LeBus_immateriaux_-1985_jlb_full-768x576.jpg 768w, https:\/\/jlggb.net\/blog8\/wp-content\/uploads\/2023\/07\/LeBus_immateriaux_-1985_jlb_full-1536x1152.jpg 1536w, https:\/\/jlggb.net\/blog8\/wp-content\/uploads\/2023\/07\/LeBus_immateriaux_-1985_jlb_full-2048x1536.jpg 2048w, https:\/\/jlggb.net\/blog8\/wp-content\/uploads\/2023\/07\/LeBus_immateriaux_-1985_jlb_full-150x113.jpg 150w\" sizes=\"auto, (max-width: 640px) 100vw, 640px\" \/><\/a><br \/>\n<a href=\"https:\/\/jlggb.net\/blog8\/wp-content\/uploads\/2023\/07\/LeBus_new_20230706_full-scaled.jpg\" data-rel=\"lightbox-image-1\" data-imagelightbox=\"1\" data-rl_title=\"\" data-rl_caption=\"\" title=\"\"><img loading=\"lazy\" decoding=\"async\" src=\"https:\/\/jlggb.net\/blog8\/wp-content\/uploads\/2023\/07\/LeBus_new_20230706_full-scaled.jpg\" alt=\"\" width=\"640\" height=\"480\" class=\"alignnone size-full wp-image-2645\" srcset=\"https:\/\/jlggb.net\/blog8\/wp-content\/uploads\/2023\/07\/LeBus_new_20230706_full-scaled.jpg 2560w, https:\/\/jlggb.net\/blog8\/wp-content\/uploads\/2023\/07\/LeBus_new_20230706_full-300x225.jpg 300w, https:\/\/jlggb.net\/blog8\/wp-content\/uploads\/2023\/07\/LeBus_new_20230706_full-1024x768.jpg 1024w, https:\/\/jlggb.net\/blog8\/wp-content\/uploads\/2023\/07\/LeBus_new_20230706_full-768x576.jpg 768w, https:\/\/jlggb.net\/blog8\/wp-content\/uploads\/2023\/07\/LeBus_new_20230706_full-1536x1152.jpg 1536w, https:\/\/jlggb.net\/blog8\/wp-content\/uploads\/2023\/07\/LeBus_new_20230706_full-2048x1536.jpg 2048w, https:\/\/jlggb.net\/blog8\/wp-content\/uploads\/2023\/07\/LeBus_new_20230706_full-150x113.jpg 150w\" sizes=\"auto, (max-width: 640px) 100vw, 640px\" \/><\/a><br \/>\nMercredi 5 juillet 2023, 18h. Exposition <em>\u00ab Les Immat\u00e9riaux \u00bb Aper\u00e7us d&rsquo;une manifestation postmoderne<\/em>, Espace des Collections film, vid\u00e9o, son et \u0153uvres num\u00e9riques, Mus\u00e9e, niveau 4, Centre Pompidou. Reconstitution de l\u2019installation vid\u00e9o interactive <em>Le Bus ou l\u2019Exercice de la d\u00e9couverte<\/em> de l&rsquo;exposition <em>Les Immat\u00e9riaux<\/em>, 1985, incluant une vitrine de documents, y compris le vid\u00e9odisque (laserdisc) et le floppy disk d&rsquo;origine.  Photo de la version de 1985, Centre Pompidou.<\/p>\n","protected":false},"excerpt":{"rendered":"<p>Mercredi 5 juillet 2023, 18h. Exposition \u00ab Les Immat\u00e9riaux \u00bb Aper\u00e7us d&rsquo;une manifestation postmoderne, Espace des Collections film, vid\u00e9o, son et \u0153uvres num\u00e9riques, Mus\u00e9e, niveau 4, Centre Pompidou. Reconstitution de l\u2019installation vid\u00e9o interactive Le Bus ou l\u2019Exercice de la d\u00e9couverte de l&rsquo;exposition Les Immat\u00e9riaux, 1985, incluant une vitrine de documents, y compris le vid\u00e9odisque (laserdisc) &hellip; <a href=\"https:\/\/jlggb.net\/blog8\/2023\/07\/05\/reconstitution-et-exposition\/\" class=\"more-link\">Continuer la lecture de <span class=\"screen-reader-text\">Reconstitution<\/span><\/a><\/p>\n","protected":false},"author":1,"featured_media":0,"comment_status":"closed","ping_status":"closed","sticky":false,"template":"","format":"standard","meta":{"footnotes":""},"categories":[7,9,122,95],"tags":[409,408,407],"class_list":["post-2642","post","type-post","status-publish","format-standard","hentry","category-art","category-collection","category-construction","category-temps","tag-409","tag-saint-denis","tag-universite-paris-8"],"_links":{"self":[{"href":"https:\/\/jlggb.net\/blog8\/wp-json\/wp\/v2\/posts\/2642","targetHints":{"allow":["GET"]}}],"collection":[{"href":"https:\/\/jlggb.net\/blog8\/wp-json\/wp\/v2\/posts"}],"about":[{"href":"https:\/\/jlggb.net\/blog8\/wp-json\/wp\/v2\/types\/post"}],"author":[{"embeddable":true,"href":"https:\/\/jlggb.net\/blog8\/wp-json\/wp\/v2\/users\/1"}],"replies":[{"embeddable":true,"href":"https:\/\/jlggb.net\/blog8\/wp-json\/wp\/v2\/comments?post=2642"}],"version-history":[{"count":7,"href":"https:\/\/jlggb.net\/blog8\/wp-json\/wp\/v2\/posts\/2642\/revisions"}],"predecessor-version":[{"id":2651,"href":"https:\/\/jlggb.net\/blog8\/wp-json\/wp\/v2\/posts\/2642\/revisions\/2651"}],"wp:attachment":[{"href":"https:\/\/jlggb.net\/blog8\/wp-json\/wp\/v2\/media?parent=2642"}],"wp:term":[{"taxonomy":"category","embeddable":true,"href":"https:\/\/jlggb.net\/blog8\/wp-json\/wp\/v2\/categories?post=2642"},{"taxonomy":"post_tag","embeddable":true,"href":"https:\/\/jlggb.net\/blog8\/wp-json\/wp\/v2\/tags?post=2642"}],"curies":[{"name":"wp","href":"https:\/\/api.w.org\/{rel}","templated":true}]}}