{"id":2632,"date":"2023-07-03T21:00:36","date_gmt":"2023-07-03T19:00:36","guid":{"rendered":"http:\/\/jlggb.net\/blog8\/?p=2632"},"modified":"2024-01-02T23:36:32","modified_gmt":"2024-01-02T22:36:32","slug":"la-peinture","status":"publish","type":"post","link":"https:\/\/jlggb.net\/blog8\/2023\/07\/03\/la-peinture\/","title":{"rendered":"La peinture de chevalet"},"content":{"rendered":"<p><a href=\"https:\/\/jlggb.net\/blog8\/wp-content\/uploads\/2023\/07\/eb_chevalet_palette_20230703_full-scaled.jpg\" data-rel=\"lightbox-image-0\" data-imagelightbox=\"0\" data-rl_title=\"\" data-rl_caption=\"\" title=\"\"><img loading=\"lazy\" decoding=\"async\" class=\"alignnone wp-image-2633\" src=\"https:\/\/jlggb.net\/blog8\/wp-content\/uploads\/2023\/07\/eb_chevalet_palette_20230703_full-scaled.jpg\" alt=\"\" width=\"640\" height=\"853\" srcset=\"https:\/\/jlggb.net\/blog8\/wp-content\/uploads\/2023\/07\/eb_chevalet_palette_20230703_full-scaled.jpg 1920w, https:\/\/jlggb.net\/blog8\/wp-content\/uploads\/2023\/07\/eb_chevalet_palette_20230703_full-225x300.jpg 225w, https:\/\/jlggb.net\/blog8\/wp-content\/uploads\/2023\/07\/eb_chevalet_palette_20230703_full-768x1024.jpg 768w, https:\/\/jlggb.net\/blog8\/wp-content\/uploads\/2023\/07\/eb_chevalet_palette_20230703_full-1152x1536.jpg 1152w, https:\/\/jlggb.net\/blog8\/wp-content\/uploads\/2023\/07\/eb_chevalet_palette_20230703_full-1536x2048.jpg 1536w, https:\/\/jlggb.net\/blog8\/wp-content\/uploads\/2023\/07\/eb_chevalet_palette_20230703_full-113x150.jpg 113w\" sizes=\"auto, (max-width: 640px) 100vw, 640px\" \/><\/a><br \/>\nLundi 3 juillet 2023, 20h, Paris. \u00c9tienne l&rsquo;a faite en \u00e0 peine une heure. Il fallait, pour rejoindre les objets de \u00ab\u00a0Toutes les copies\u00a0\u00bb, dans l&rsquo;exposition \u00ab Les Immat\u00e9riaux. \u00a0Aper\u00e7us d&rsquo;une manifestation postmoderne \u00bb\u00a0\u2014\u00a0Espace des Collections film, vid\u00e9o, son et \u0153uvres num\u00e9riques, Mus\u00e9e, niveau 4, Centre Pompidou \u2014\u00a0une peinture qui parle de la peinture, entre conceptuel et ironie. Une premi\u00e8re version figurait le d\u00e9cor, un mur, un trottoir. Pour mettre en \u00e9vidence le motif, le fond est ici blanc, mais pas laiss\u00e9 comme simple support, peint lui aussi, abondamment. Il marque le r\u00f4le des instruments, le travail du peintre.<\/p>\n","protected":false},"excerpt":{"rendered":"<p>Lundi 3 juillet 2023, 20h, Paris. \u00c9tienne l&rsquo;a faite en \u00e0 peine une heure. Il fallait, pour rejoindre les objets de \u00ab\u00a0Toutes les copies\u00a0\u00bb, dans l&rsquo;exposition \u00ab Les Immat\u00e9riaux. \u00a0Aper\u00e7us d&rsquo;une manifestation postmoderne \u00bb\u00a0\u2014\u00a0Espace des Collections film, vid\u00e9o, son et \u0153uvres num\u00e9riques, Mus\u00e9e, niveau 4, Centre Pompidou \u2014\u00a0une peinture qui parle de la peinture, entre &hellip; <a href=\"https:\/\/jlggb.net\/blog8\/2023\/07\/03\/la-peinture\/\" class=\"more-link\">Continuer la lecture de <span class=\"screen-reader-text\">La peinture de chevalet<\/span><\/a><\/p>\n","protected":false},"author":1,"featured_media":0,"comment_status":"closed","ping_status":"closed","sticky":false,"template":"","format":"standard","meta":{"footnotes":""},"categories":[7,17,47],"tags":[405,406,82],"class_list":["post-2632","post","type-post","status-publish","format-standard","hentry","category-art","category-evenement","category-travail","tag-chevalet","tag-palette","tag-peinture"],"_links":{"self":[{"href":"https:\/\/jlggb.net\/blog8\/wp-json\/wp\/v2\/posts\/2632","targetHints":{"allow":["GET"]}}],"collection":[{"href":"https:\/\/jlggb.net\/blog8\/wp-json\/wp\/v2\/posts"}],"about":[{"href":"https:\/\/jlggb.net\/blog8\/wp-json\/wp\/v2\/types\/post"}],"author":[{"embeddable":true,"href":"https:\/\/jlggb.net\/blog8\/wp-json\/wp\/v2\/users\/1"}],"replies":[{"embeddable":true,"href":"https:\/\/jlggb.net\/blog8\/wp-json\/wp\/v2\/comments?post=2632"}],"version-history":[{"count":11,"href":"https:\/\/jlggb.net\/blog8\/wp-json\/wp\/v2\/posts\/2632\/revisions"}],"predecessor-version":[{"id":3510,"href":"https:\/\/jlggb.net\/blog8\/wp-json\/wp\/v2\/posts\/2632\/revisions\/3510"}],"wp:attachment":[{"href":"https:\/\/jlggb.net\/blog8\/wp-json\/wp\/v2\/media?parent=2632"}],"wp:term":[{"taxonomy":"category","embeddable":true,"href":"https:\/\/jlggb.net\/blog8\/wp-json\/wp\/v2\/categories?post=2632"},{"taxonomy":"post_tag","embeddable":true,"href":"https:\/\/jlggb.net\/blog8\/wp-json\/wp\/v2\/tags?post=2632"}],"curies":[{"name":"wp","href":"https:\/\/api.w.org\/{rel}","templated":true}]}}