{"id":2581,"date":"2023-05-29T17:00:02","date_gmt":"2023-05-29T15:00:02","guid":{"rendered":"http:\/\/jlggb.net\/blog8\/?p=2581"},"modified":"2023-06-06T00:25:58","modified_gmt":"2023-06-05T22:25:58","slug":"motif","status":"publish","type":"post","link":"https:\/\/jlggb.net\/blog8\/2023\/05\/29\/motif\/","title":{"rendered":"Le lait comme motif"},"content":{"rendered":"<p><a href=\"https:\/\/jlggb.net\/blog8\/wp-content\/uploads\/2023\/06\/zigzag_2_noiray_20230529_square-scaled.jpg\" data-rel=\"lightbox-image-0\" data-imagelightbox=\"0\" data-rl_title=\"\" data-rl_caption=\"\" title=\"\"><img loading=\"lazy\" decoding=\"async\" class=\"alignnone wp-image-2582\" src=\"https:\/\/jlggb.net\/blog8\/wp-content\/uploads\/2023\/06\/zigzag_2_noiray_20230529_square-scaled.jpg\" alt=\"\" width=\"640\" height=\"640\" srcset=\"https:\/\/jlggb.net\/blog8\/wp-content\/uploads\/2023\/06\/zigzag_2_noiray_20230529_square-scaled.jpg 2560w, https:\/\/jlggb.net\/blog8\/wp-content\/uploads\/2023\/06\/zigzag_2_noiray_20230529_square-300x300.jpg 300w, https:\/\/jlggb.net\/blog8\/wp-content\/uploads\/2023\/06\/zigzag_2_noiray_20230529_square-1024x1024.jpg 1024w, https:\/\/jlggb.net\/blog8\/wp-content\/uploads\/2023\/06\/zigzag_2_noiray_20230529_square-150x150.jpg 150w, https:\/\/jlggb.net\/blog8\/wp-content\/uploads\/2023\/06\/zigzag_2_noiray_20230529_square-768x768.jpg 768w, https:\/\/jlggb.net\/blog8\/wp-content\/uploads\/2023\/06\/zigzag_2_noiray_20230529_square-1536x1536.jpg 1536w, https:\/\/jlggb.net\/blog8\/wp-content\/uploads\/2023\/06\/zigzag_2_noiray_20230529_square-2048x2048.jpg 2048w\" sizes=\"auto, (max-width: 640px) 100vw, 640px\" \/><\/a><br \/>\nLundi 29 mai 2023, 17h, Arith, Bauges, Savoie. De la vaste collection de poteries savoyardes de Jacques Noiray, de la tradition des terres verniss\u00e9es, on note ce signe d&rsquo;un pot \u00e0 lait. Signe que les ouvrages d\u00e9clarent abstrait et qui, pourtant, est doublement concret, par la gestuelle rapide de son trac\u00e9, par la figuration d&rsquo;un \u00e9coulement.<\/p>\n","protected":false},"excerpt":{"rendered":"<p>Lundi 29 mai 2023, 17h, Arith, Bauges, Savoie. De la vaste collection de poteries savoyardes de Jacques Noiray, de la tradition des terres verniss\u00e9es, on note ce signe d&rsquo;un pot \u00e0 lait. Signe que les ouvrages d\u00e9clarent abstrait et qui, pourtant, est doublement concret, par la gestuelle rapide de son trac\u00e9, par la figuration d&rsquo;un &hellip; <a href=\"https:\/\/jlggb.net\/blog8\/2023\/05\/29\/motif\/\" class=\"more-link\">Continuer la lecture de <span class=\"screen-reader-text\">Le lait comme motif<\/span><\/a><\/p>\n","protected":false},"author":1,"featured_media":0,"comment_status":"closed","ping_status":"closed","sticky":false,"template":"","format":"standard","meta":{"footnotes":""},"categories":[67,9,40],"tags":[109,401],"class_list":["post-2581","post","type-post","status-publish","format-standard","hentry","category-artisanat","category-collection","category-signe","tag-poterie","tag-terre-vernissee"],"_links":{"self":[{"href":"https:\/\/jlggb.net\/blog8\/wp-json\/wp\/v2\/posts\/2581","targetHints":{"allow":["GET"]}}],"collection":[{"href":"https:\/\/jlggb.net\/blog8\/wp-json\/wp\/v2\/posts"}],"about":[{"href":"https:\/\/jlggb.net\/blog8\/wp-json\/wp\/v2\/types\/post"}],"author":[{"embeddable":true,"href":"https:\/\/jlggb.net\/blog8\/wp-json\/wp\/v2\/users\/1"}],"replies":[{"embeddable":true,"href":"https:\/\/jlggb.net\/blog8\/wp-json\/wp\/v2\/comments?post=2581"}],"version-history":[{"count":3,"href":"https:\/\/jlggb.net\/blog8\/wp-json\/wp\/v2\/posts\/2581\/revisions"}],"predecessor-version":[{"id":2585,"href":"https:\/\/jlggb.net\/blog8\/wp-json\/wp\/v2\/posts\/2581\/revisions\/2585"}],"wp:attachment":[{"href":"https:\/\/jlggb.net\/blog8\/wp-json\/wp\/v2\/media?parent=2581"}],"wp:term":[{"taxonomy":"category","embeddable":true,"href":"https:\/\/jlggb.net\/blog8\/wp-json\/wp\/v2\/categories?post=2581"},{"taxonomy":"post_tag","embeddable":true,"href":"https:\/\/jlggb.net\/blog8\/wp-json\/wp\/v2\/tags?post=2581"}],"curies":[{"name":"wp","href":"https:\/\/api.w.org\/{rel}","templated":true}]}}