{"id":2562,"date":"2023-06-02T17:00:03","date_gmt":"2023-06-02T15:00:03","guid":{"rendered":"http:\/\/jlggb.net\/blog8\/?p=2562"},"modified":"2023-06-03T23:46:53","modified_gmt":"2023-06-03T21:46:53","slug":"compter-sur-soi-meme-la-vie-des-objets-13x","status":"publish","type":"post","link":"https:\/\/jlggb.net\/blog8\/2023\/06\/02\/compter-sur-soi-meme-la-vie-des-objets-13x\/","title":{"rendered":"Compter sur soi-m\u00eame (La Vie des objets. Ch. 137)"},"content":{"rendered":"<p><a href=\"https:\/\/jlggb.net\/blog8\/wp-content\/uploads\/2023\/06\/cadre_vide_20230602_square-scaled.jpg\" data-rel=\"lightbox-image-0\" data-imagelightbox=\"0\" data-rl_title=\"\" data-rl_caption=\"\" title=\"\"><img loading=\"lazy\" decoding=\"async\" src=\"https:\/\/jlggb.net\/blog8\/wp-content\/uploads\/2023\/06\/cadre_vide_20230602_square-scaled.jpg\" alt=\"\" width=\"640\" height=\"640\" class=\"alignnone size-full wp-image-2563\" srcset=\"https:\/\/jlggb.net\/blog8\/wp-content\/uploads\/2023\/06\/cadre_vide_20230602_square-scaled.jpg 2560w, https:\/\/jlggb.net\/blog8\/wp-content\/uploads\/2023\/06\/cadre_vide_20230602_square-300x300.jpg 300w, https:\/\/jlggb.net\/blog8\/wp-content\/uploads\/2023\/06\/cadre_vide_20230602_square-1024x1024.jpg 1024w, https:\/\/jlggb.net\/blog8\/wp-content\/uploads\/2023\/06\/cadre_vide_20230602_square-150x150.jpg 150w, https:\/\/jlggb.net\/blog8\/wp-content\/uploads\/2023\/06\/cadre_vide_20230602_square-768x768.jpg 768w, https:\/\/jlggb.net\/blog8\/wp-content\/uploads\/2023\/06\/cadre_vide_20230602_square-1536x1536.jpg 1536w, https:\/\/jlggb.net\/blog8\/wp-content\/uploads\/2023\/06\/cadre_vide_20230602_square-2048x2048.jpg 2048w\" sizes=\"auto, (max-width: 640px) 100vw, 640px\" \/><\/a><br \/>\nVendredi 2 juin 2023, 17h45, Le Louvre, Paris. Pr\u00e9sentation publique exceptionnelle, un ensemble de la R\u00e9serve de cadres, dont celui-ci, <em>Cadre Louis XVI<\/em>, France, 1760-1780, bois (ch\u00eane) sculpt\u00e9 et dor\u00e9 \u00e0 l&rsquo;eau. Ancien cadre de <em>La Serinette<\/em> de Jean Baptiste Sim\u00e9on Chardin, sans num\u00e9ro d&rsquo;inventaire. Dans \u00ab les campagnes \u00bb on entend dire \u00ab je mettrai un cadre \u00bb pour dire \u00ab mettre au mur un tableau \u00bb. <\/p>\n","protected":false},"excerpt":{"rendered":"<p>Vendredi 2 juin 2023, 17h45, Le Louvre, Paris. Pr\u00e9sentation publique exceptionnelle, un ensemble de la R\u00e9serve de cadres, dont celui-ci, Cadre Louis XVI, France, 1760-1780, bois (ch\u00eane) sculpt\u00e9 et dor\u00e9 \u00e0 l&rsquo;eau. Ancien cadre de La Serinette de Jean Baptiste Sim\u00e9on Chardin, sans num\u00e9ro d&rsquo;inventaire. Dans \u00ab les campagnes \u00bb on entend dire \u00ab je &hellip; <a href=\"https:\/\/jlggb.net\/blog8\/2023\/06\/02\/compter-sur-soi-meme-la-vie-des-objets-13x\/\" class=\"more-link\">Continuer la lecture de <span class=\"screen-reader-text\">Compter sur soi-m\u00eame (La Vie des objets. Ch. 137)<\/span><\/a><\/p>\n","protected":false},"author":1,"featured_media":0,"comment_status":"closed","ping_status":"closed","sticky":false,"template":"","format":"standard","meta":{"footnotes":""},"categories":[7,9,28],"tags":[64,306,305,375],"class_list":["post-2562","post","type-post","status-publish","format-standard","hentry","category-art","category-collection","category-objet","tag-bois","tag-chardin","tag-le-louvre","tag-or"],"_links":{"self":[{"href":"https:\/\/jlggb.net\/blog8\/wp-json\/wp\/v2\/posts\/2562","targetHints":{"allow":["GET"]}}],"collection":[{"href":"https:\/\/jlggb.net\/blog8\/wp-json\/wp\/v2\/posts"}],"about":[{"href":"https:\/\/jlggb.net\/blog8\/wp-json\/wp\/v2\/types\/post"}],"author":[{"embeddable":true,"href":"https:\/\/jlggb.net\/blog8\/wp-json\/wp\/v2\/users\/1"}],"replies":[{"embeddable":true,"href":"https:\/\/jlggb.net\/blog8\/wp-json\/wp\/v2\/comments?post=2562"}],"version-history":[{"count":6,"href":"https:\/\/jlggb.net\/blog8\/wp-json\/wp\/v2\/posts\/2562\/revisions"}],"predecessor-version":[{"id":2569,"href":"https:\/\/jlggb.net\/blog8\/wp-json\/wp\/v2\/posts\/2562\/revisions\/2569"}],"wp:attachment":[{"href":"https:\/\/jlggb.net\/blog8\/wp-json\/wp\/v2\/media?parent=2562"}],"wp:term":[{"taxonomy":"category","embeddable":true,"href":"https:\/\/jlggb.net\/blog8\/wp-json\/wp\/v2\/categories?post=2562"},{"taxonomy":"post_tag","embeddable":true,"href":"https:\/\/jlggb.net\/blog8\/wp-json\/wp\/v2\/tags?post=2562"}],"curies":[{"name":"wp","href":"https:\/\/api.w.org\/{rel}","templated":true}]}}