{"id":2436,"date":"2023-05-15T16:00:48","date_gmt":"2023-05-15T14:00:48","guid":{"rendered":"http:\/\/jlggb.net\/blog8\/?p=2436"},"modified":"2023-05-16T23:24:09","modified_gmt":"2023-05-16T21:24:09","slug":"un-portrait-restaure","status":"publish","type":"post","link":"https:\/\/jlggb.net\/blog8\/2023\/05\/15\/un-portrait-restaure\/","title":{"rendered":"Un portrait restaur\u00e9"},"content":{"rendered":"<p><a href=\"https:\/\/jlggb.net\/blog8\/wp-content\/uploads\/2023\/05\/anne-marie_savoisien_detail_20230515_full-scaled.jpg\" data-rel=\"lightbox-image-0\" data-imagelightbox=\"0\" data-rl_title=\"\" data-rl_caption=\"\" title=\"\"><img loading=\"lazy\" decoding=\"async\" src=\"https:\/\/jlggb.net\/blog8\/wp-content\/uploads\/2023\/05\/anne-marie_savoisien_detail_20230515_full-scaled.jpg\" alt=\"\" width=\"640\" height=\"480\" class=\"alignnone size-full wp-image-2440\" srcset=\"https:\/\/jlggb.net\/blog8\/wp-content\/uploads\/2023\/05\/anne-marie_savoisien_detail_20230515_full-scaled.jpg 2560w, https:\/\/jlggb.net\/blog8\/wp-content\/uploads\/2023\/05\/anne-marie_savoisien_detail_20230515_full-300x225.jpg 300w, https:\/\/jlggb.net\/blog8\/wp-content\/uploads\/2023\/05\/anne-marie_savoisien_detail_20230515_full-1024x768.jpg 1024w, https:\/\/jlggb.net\/blog8\/wp-content\/uploads\/2023\/05\/anne-marie_savoisien_detail_20230515_full-768x576.jpg 768w, https:\/\/jlggb.net\/blog8\/wp-content\/uploads\/2023\/05\/anne-marie_savoisien_detail_20230515_full-1536x1152.jpg 1536w, https:\/\/jlggb.net\/blog8\/wp-content\/uploads\/2023\/05\/anne-marie_savoisien_detail_20230515_full-2048x1536.jpg 2048w, https:\/\/jlggb.net\/blog8\/wp-content\/uploads\/2023\/05\/anne-marie_savoisien_detail_20230515_full-150x113.jpg 150w\" sizes=\"auto, (max-width: 640px) 100vw, 640px\" \/><\/a><br \/>\nLundi 15 mai 2023, 16h, Mus\u00e9e savoisien, Chamb\u00e9ry. Son portrait est une huile sur toile de l&rsquo;\u00c9cole fran\u00e7aise, du 4e quart du 17e si\u00e8cle. Anne-Marie d&rsquo;Orl\u00e9ans, duchesse de Savoie, reine de Sicile puis reine de Sardaigne \u00e9tait la ni\u00e8ce de Louis XIV. Il est not\u00e9&nbsp;: \u00ab\u00a0Cette alliance n&rsquo;a pas emp\u00each\u00e9 son \u00e9poux d&rsquo;\u00eatre r\u00e9guli\u00e8rement en guerre contre la France.\u00a0\u00bb<\/p>\n","protected":false},"excerpt":{"rendered":"<p>Lundi 15 mai 2023, 16h, Mus\u00e9e savoisien, Chamb\u00e9ry. Son portrait est une huile sur toile de l&rsquo;\u00c9cole fran\u00e7aise, du 4e quart du 17e si\u00e8cle. Anne-Marie d&rsquo;Orl\u00e9ans, duchesse de Savoie, reine de Sicile puis reine de Sardaigne \u00e9tait la ni\u00e8ce de Louis XIV. Il est not\u00e9&nbsp;: \u00ab\u00a0Cette alliance n&rsquo;a pas emp\u00each\u00e9 son \u00e9poux d&rsquo;\u00eatre r\u00e9guli\u00e8rement en &hellip; <a href=\"https:\/\/jlggb.net\/blog8\/2023\/05\/15\/un-portrait-restaure\/\" class=\"more-link\">Continuer la lecture de <span class=\"screen-reader-text\">Un portrait restaur\u00e9<\/span><\/a><\/p>\n","protected":false},"author":1,"featured_media":0,"comment_status":"closed","ping_status":"closed","sticky":false,"template":"","format":"standard","meta":{"footnotes":""},"categories":[7,53],"tags":[387,386,384,385],"class_list":["post-2436","post","type-post","status-publish","format-standard","hentry","category-art","category-histoire","tag-chambery","tag-huile","tag-reflet","tag-reine"],"_links":{"self":[{"href":"https:\/\/jlggb.net\/blog8\/wp-json\/wp\/v2\/posts\/2436","targetHints":{"allow":["GET"]}}],"collection":[{"href":"https:\/\/jlggb.net\/blog8\/wp-json\/wp\/v2\/posts"}],"about":[{"href":"https:\/\/jlggb.net\/blog8\/wp-json\/wp\/v2\/types\/post"}],"author":[{"embeddable":true,"href":"https:\/\/jlggb.net\/blog8\/wp-json\/wp\/v2\/users\/1"}],"replies":[{"embeddable":true,"href":"https:\/\/jlggb.net\/blog8\/wp-json\/wp\/v2\/comments?post=2436"}],"version-history":[{"count":4,"href":"https:\/\/jlggb.net\/blog8\/wp-json\/wp\/v2\/posts\/2436\/revisions"}],"predecessor-version":[{"id":2442,"href":"https:\/\/jlggb.net\/blog8\/wp-json\/wp\/v2\/posts\/2436\/revisions\/2442"}],"wp:attachment":[{"href":"https:\/\/jlggb.net\/blog8\/wp-json\/wp\/v2\/media?parent=2436"}],"wp:term":[{"taxonomy":"category","embeddable":true,"href":"https:\/\/jlggb.net\/blog8\/wp-json\/wp\/v2\/categories?post=2436"},{"taxonomy":"post_tag","embeddable":true,"href":"https:\/\/jlggb.net\/blog8\/wp-json\/wp\/v2\/tags?post=2436"}],"curies":[{"name":"wp","href":"https:\/\/api.w.org\/{rel}","templated":true}]}}