{"id":2358,"date":"2023-05-06T14:30:21","date_gmt":"2023-05-06T12:30:21","guid":{"rendered":"http:\/\/jlggb.net\/blog8\/?p=2358"},"modified":"2023-05-09T21:06:04","modified_gmt":"2023-05-09T19:06:04","slug":"retoucherie","status":"publish","type":"post","link":"https:\/\/jlggb.net\/blog8\/2023\/05\/06\/retoucherie\/","title":{"rendered":"Retoucherie"},"content":{"rendered":"<p><a href=\"https:\/\/jlggb.net\/blog8\/wp-content\/uploads\/2023\/05\/retoucherie_20230506_full-scaled.jpg\" data-rel=\"lightbox-image-0\" data-imagelightbox=\"0\" data-rl_title=\"\" data-rl_caption=\"\" title=\"\"><img loading=\"lazy\" decoding=\"async\" src=\"https:\/\/jlggb.net\/blog8\/wp-content\/uploads\/2023\/05\/retoucherie_20230506_full-scaled.jpg\" alt=\"\" width=\"640\" height=\"480\" class=\"alignnone size-full wp-image-2360\" \/><\/a><br \/>\nSamedi 6 mai 2023, 14h30, avenue R\u00e9n\u00e9 Coty, Paris, 14e. Le mot ne peut pas ne pas \u00eatre lu. Il manifeste brillamment qu&rsquo;il est d&rsquo;abord une forme, un dessin, et une couleur. La pr\u00e9c\u00e9dente apparition du Black Cooper, \u00e0 Orl\u00e9ans&nbsp;: <a href=\"https:\/\/jlggb.net\/blog8\/2022\/09\/13\/puissance-du-litteral\/\">https:\/\/jlggb.net\/blog8\/2022\/09\/13\/puissance-du-litteral\/<\/a><\/p>\n","protected":false},"excerpt":{"rendered":"<p>Samedi 6 mai 2023, 14h30, avenue R\u00e9n\u00e9 Coty, Paris, 14e. Le mot ne peut pas ne pas \u00eatre lu. Il manifeste brillamment qu&rsquo;il est d&rsquo;abord une forme, un dessin, et une couleur. La pr\u00e9c\u00e9dente apparition du Black Cooper, \u00e0 Orl\u00e9ans&nbsp;: https:\/\/jlggb.net\/blog8\/2022\/09\/13\/puissance-du-litteral\/<\/p>\n","protected":false},"author":1,"featured_media":0,"comment_status":"closed","ping_status":"closed","sticky":false,"template":"","format":"standard","meta":{"footnotes":""},"categories":[71,28,40],"tags":[376,105,85],"class_list":["post-2358","post","type-post","status-publish","format-standard","hentry","category-lecture","category-objet","category-signe","tag-black-cooper","tag-enseigne","tag-jaune"],"_links":{"self":[{"href":"https:\/\/jlggb.net\/blog8\/wp-json\/wp\/v2\/posts\/2358","targetHints":{"allow":["GET"]}}],"collection":[{"href":"https:\/\/jlggb.net\/blog8\/wp-json\/wp\/v2\/posts"}],"about":[{"href":"https:\/\/jlggb.net\/blog8\/wp-json\/wp\/v2\/types\/post"}],"author":[{"embeddable":true,"href":"https:\/\/jlggb.net\/blog8\/wp-json\/wp\/v2\/users\/1"}],"replies":[{"embeddable":true,"href":"https:\/\/jlggb.net\/blog8\/wp-json\/wp\/v2\/comments?post=2358"}],"version-history":[{"count":3,"href":"https:\/\/jlggb.net\/blog8\/wp-json\/wp\/v2\/posts\/2358\/revisions"}],"predecessor-version":[{"id":2362,"href":"https:\/\/jlggb.net\/blog8\/wp-json\/wp\/v2\/posts\/2358\/revisions\/2362"}],"wp:attachment":[{"href":"https:\/\/jlggb.net\/blog8\/wp-json\/wp\/v2\/media?parent=2358"}],"wp:term":[{"taxonomy":"category","embeddable":true,"href":"https:\/\/jlggb.net\/blog8\/wp-json\/wp\/v2\/categories?post=2358"},{"taxonomy":"post_tag","embeddable":true,"href":"https:\/\/jlggb.net\/blog8\/wp-json\/wp\/v2\/tags?post=2358"}],"curies":[{"name":"wp","href":"https:\/\/api.w.org\/{rel}","templated":true}]}}