{"id":220,"date":"2022-01-25T17:00:08","date_gmt":"2022-01-25T16:00:08","guid":{"rendered":"http:\/\/jlggb.net\/blog8\/?p=220"},"modified":"2022-01-30T22:50:12","modified_gmt":"2022-01-30T21:50:12","slug":"aller-et-retour","status":"publish","type":"post","link":"https:\/\/jlggb.net\/blog8\/2022\/01\/25\/aller-et-retour\/","title":{"rendered":"Aller et retour"},"content":{"rendered":"<p><a href=\"https:\/\/jlggb.net\/blog8\/wp-content\/uploads\/2022\/01\/soleil-lac-sudbis-20220125-jlggb-scaled.jpg\" data-rel=\"lightbox-image-0\" data-imagelightbox=\"0\" data-rl_title=\"\" data-rl_caption=\"\" title=\"\"><img loading=\"lazy\" decoding=\"async\" src=\"https:\/\/jlggb.net\/blog8\/wp-content\/uploads\/2022\/01\/soleil-lac-sudbis-20220125-jlggb-scaled.jpg\" alt=\"\" width=\"640\" height=\"480\" class=\"alignnone size-full wp-image-290\" srcset=\"https:\/\/jlggb.net\/blog8\/wp-content\/uploads\/2022\/01\/soleil-lac-sudbis-20220125-jlggb-scaled.jpg 2560w, https:\/\/jlggb.net\/blog8\/wp-content\/uploads\/2022\/01\/soleil-lac-sudbis-20220125-jlggb-300x225.jpg 300w, https:\/\/jlggb.net\/blog8\/wp-content\/uploads\/2022\/01\/soleil-lac-sudbis-20220125-jlggb-1024x768.jpg 1024w, https:\/\/jlggb.net\/blog8\/wp-content\/uploads\/2022\/01\/soleil-lac-sudbis-20220125-jlggb-768x576.jpg 768w, https:\/\/jlggb.net\/blog8\/wp-content\/uploads\/2022\/01\/soleil-lac-sudbis-20220125-jlggb-1536x1152.jpg 1536w, https:\/\/jlggb.net\/blog8\/wp-content\/uploads\/2022\/01\/soleil-lac-sudbis-20220125-jlggb-2048x1536.jpg 2048w, https:\/\/jlggb.net\/blog8\/wp-content\/uploads\/2022\/01\/soleil-lac-sudbis-20220125-jlggb-150x113.jpg 150w\" sizes=\"auto, (max-width: 640px) 100vw, 640px\" \/><\/a><br \/>\n<a href=\"https:\/\/jlggb.net\/blog8\/wp-content\/uploads\/2022\/01\/soir-lac-nord-20220125-jlggb-scaled.jpg\" data-rel=\"lightbox-image-1\" data-imagelightbox=\"1\" data-rl_title=\"\" data-rl_caption=\"\" title=\"\"><img loading=\"lazy\" decoding=\"async\" class=\"alignnone size-full wp-image-222\" src=\"https:\/\/jlggb.net\/blog8\/wp-content\/uploads\/2022\/01\/soir-lac-nord-20220125-jlggb-scaled.jpg\" alt=\"\" width=\"640\" height=\"480\" srcset=\"https:\/\/jlggb.net\/blog8\/wp-content\/uploads\/2022\/01\/soir-lac-nord-20220125-jlggb-scaled.jpg 2560w, https:\/\/jlggb.net\/blog8\/wp-content\/uploads\/2022\/01\/soir-lac-nord-20220125-jlggb-300x225.jpg 300w, https:\/\/jlggb.net\/blog8\/wp-content\/uploads\/2022\/01\/soir-lac-nord-20220125-jlggb-1024x768.jpg 1024w, https:\/\/jlggb.net\/blog8\/wp-content\/uploads\/2022\/01\/soir-lac-nord-20220125-jlggb-768x576.jpg 768w, https:\/\/jlggb.net\/blog8\/wp-content\/uploads\/2022\/01\/soir-lac-nord-20220125-jlggb-1536x1152.jpg 1536w, https:\/\/jlggb.net\/blog8\/wp-content\/uploads\/2022\/01\/soir-lac-nord-20220125-jlggb-2048x1536.jpg 2048w, https:\/\/jlggb.net\/blog8\/wp-content\/uploads\/2022\/01\/soir-lac-nord-20220125-jlggb-150x113.jpg 150w\" sizes=\"auto, (max-width: 640px) 100vw, 640px\" \/><\/a><br \/>\nMardi 25 janvier 2022, 15h40 et 16h40, Lac du Bourget, Savoie. Le chemin \u2014 \u00ab Chemin lacustre \u00bb \u2014 qui borde la rive est du lac est un lieu d&rsquo;exercice, un lieu de fr\u00e9quentation du paysage dans ses lumi\u00e8res et ses brumes. Apr\u00e8s 7000 pas vers le sud, on va attendre que le soleil qu&rsquo;on a eu dans l&rsquo;\u0153il se cache derri\u00e8re la Dent du chat. Puis on repartira pour 7000 pas vers le nord, dans un bleu qui s&rsquo;assombrit en rose.<\/p>\n","protected":false},"excerpt":{"rendered":"<p>Mardi 25 janvier 2022, 15h40 et 16h40, Lac du Bourget, Savoie. Le chemin \u2014 \u00ab Chemin lacustre \u00bb \u2014 qui borde la rive est du lac est un lieu d&rsquo;exercice, un lieu de fr\u00e9quentation du paysage dans ses lumi\u00e8res et ses brumes. Apr\u00e8s 7000 pas vers le sud, on va attendre que le soleil qu&rsquo;on &hellip; <a href=\"https:\/\/jlggb.net\/blog8\/2022\/01\/25\/aller-et-retour\/\" class=\"more-link\">Continuer la lecture de <span class=\"screen-reader-text\">Aller et retour<\/span><\/a><\/p>\n","protected":false},"author":1,"featured_media":0,"comment_status":"closed","ping_status":"closed","sticky":false,"template":"","format":"standard","meta":{"footnotes":""},"categories":[43,16],"tags":[46,44,48,45],"class_list":["post-220","post","type-post","status-publish","format-standard","hentry","category-ambiance","category-moment","tag-couleur","tag-lac-du-bourget","tag-marche","tag-soleil"],"_links":{"self":[{"href":"https:\/\/jlggb.net\/blog8\/wp-json\/wp\/v2\/posts\/220","targetHints":{"allow":["GET"]}}],"collection":[{"href":"https:\/\/jlggb.net\/blog8\/wp-json\/wp\/v2\/posts"}],"about":[{"href":"https:\/\/jlggb.net\/blog8\/wp-json\/wp\/v2\/types\/post"}],"author":[{"embeddable":true,"href":"https:\/\/jlggb.net\/blog8\/wp-json\/wp\/v2\/users\/1"}],"replies":[{"embeddable":true,"href":"https:\/\/jlggb.net\/blog8\/wp-json\/wp\/v2\/comments?post=220"}],"version-history":[{"count":8,"href":"https:\/\/jlggb.net\/blog8\/wp-json\/wp\/v2\/posts\/220\/revisions"}],"predecessor-version":[{"id":291,"href":"https:\/\/jlggb.net\/blog8\/wp-json\/wp\/v2\/posts\/220\/revisions\/291"}],"wp:attachment":[{"href":"https:\/\/jlggb.net\/blog8\/wp-json\/wp\/v2\/media?parent=220"}],"wp:term":[{"taxonomy":"category","embeddable":true,"href":"https:\/\/jlggb.net\/blog8\/wp-json\/wp\/v2\/categories?post=220"},{"taxonomy":"post_tag","embeddable":true,"href":"https:\/\/jlggb.net\/blog8\/wp-json\/wp\/v2\/tags?post=220"}],"curies":[{"name":"wp","href":"https:\/\/api.w.org\/{rel}","templated":true}]}}