{"id":2088,"date":"2023-04-09T15:00:55","date_gmt":"2023-04-09T13:00:55","guid":{"rendered":"http:\/\/jlggb.net\/blog8\/?p=2088"},"modified":"2023-04-12T14:53:41","modified_gmt":"2023-04-12T12:53:41","slug":"les-fleurs-dun-erable","status":"publish","type":"post","link":"https:\/\/jlggb.net\/blog8\/2023\/04\/09\/les-fleurs-dun-erable\/","title":{"rendered":"Les fleurs d&rsquo;un \u00e9rable"},"content":{"rendered":"<p><a href=\"https:\/\/jlggb.net\/blog8\/wp-content\/uploads\/2023\/04\/erable_20230409_full-scaled.jpg\" data-rel=\"lightbox-image-0\" data-imagelightbox=\"0\" data-rl_title=\"\" data-rl_caption=\"\" title=\"\"><img loading=\"lazy\" decoding=\"async\" src=\"https:\/\/jlggb.net\/blog8\/wp-content\/uploads\/2023\/04\/erable_20230409_full-scaled.jpg\" alt=\"\" width=\"640\" height=\"480\" class=\"alignnone size-full wp-image-2089\" srcset=\"https:\/\/jlggb.net\/blog8\/wp-content\/uploads\/2023\/04\/erable_20230409_full-scaled.jpg 2560w, https:\/\/jlggb.net\/blog8\/wp-content\/uploads\/2023\/04\/erable_20230409_full-300x225.jpg 300w, https:\/\/jlggb.net\/blog8\/wp-content\/uploads\/2023\/04\/erable_20230409_full-1024x768.jpg 1024w, https:\/\/jlggb.net\/blog8\/wp-content\/uploads\/2023\/04\/erable_20230409_full-768x576.jpg 768w, https:\/\/jlggb.net\/blog8\/wp-content\/uploads\/2023\/04\/erable_20230409_full-1536x1152.jpg 1536w, https:\/\/jlggb.net\/blog8\/wp-content\/uploads\/2023\/04\/erable_20230409_full-2048x1536.jpg 2048w, https:\/\/jlggb.net\/blog8\/wp-content\/uploads\/2023\/04\/erable_20230409_full-150x113.jpg 150w\" sizes=\"auto, (max-width: 640px) 100vw, 640px\" \/><\/a><br \/>\nDimanche 9 avril 2023, 15h, Chemin du Murget, Aix-les-Bains. On a connu cet \u00e9rable lors de sa plantation il y a des ann\u00e9es, mais l&rsquo;on n&rsquo;avait pas encore observ\u00e9 ses fleurs en grappes, entour\u00e9es de jeunes feuilles du m\u00eame vert clair et vif.<\/p>\n","protected":false},"excerpt":{"rendered":"<p>Dimanche 9 avril 2023, 15h, Chemin du Murget, Aix-les-Bains. On a connu cet \u00e9rable lors de sa plantation il y a des ann\u00e9es, mais l&rsquo;on n&rsquo;avait pas encore observ\u00e9 ses fleurs en grappes, entour\u00e9es de jeunes feuilles du m\u00eame vert clair et vif.<\/p>\n","protected":false},"author":1,"featured_media":0,"comment_status":"closed","ping_status":"closed","sticky":false,"template":"","format":"standard","meta":{"footnotes":""},"categories":[13,16,19],"tags":[345,235],"class_list":["post-2088","post","type-post","status-publish","format-standard","hentry","category-couleur","category-moment","category-vie","tag-arbre","tag-saison"],"_links":{"self":[{"href":"https:\/\/jlggb.net\/blog8\/wp-json\/wp\/v2\/posts\/2088","targetHints":{"allow":["GET"]}}],"collection":[{"href":"https:\/\/jlggb.net\/blog8\/wp-json\/wp\/v2\/posts"}],"about":[{"href":"https:\/\/jlggb.net\/blog8\/wp-json\/wp\/v2\/types\/post"}],"author":[{"embeddable":true,"href":"https:\/\/jlggb.net\/blog8\/wp-json\/wp\/v2\/users\/1"}],"replies":[{"embeddable":true,"href":"https:\/\/jlggb.net\/blog8\/wp-json\/wp\/v2\/comments?post=2088"}],"version-history":[{"count":5,"href":"https:\/\/jlggb.net\/blog8\/wp-json\/wp\/v2\/posts\/2088\/revisions"}],"predecessor-version":[{"id":2094,"href":"https:\/\/jlggb.net\/blog8\/wp-json\/wp\/v2\/posts\/2088\/revisions\/2094"}],"wp:attachment":[{"href":"https:\/\/jlggb.net\/blog8\/wp-json\/wp\/v2\/media?parent=2088"}],"wp:term":[{"taxonomy":"category","embeddable":true,"href":"https:\/\/jlggb.net\/blog8\/wp-json\/wp\/v2\/categories?post=2088"},{"taxonomy":"post_tag","embeddable":true,"href":"https:\/\/jlggb.net\/blog8\/wp-json\/wp\/v2\/tags?post=2088"}],"curies":[{"name":"wp","href":"https:\/\/api.w.org\/{rel}","templated":true}]}}