{"id":2077,"date":"2023-04-11T17:19:50","date_gmt":"2023-04-11T15:19:50","guid":{"rendered":"http:\/\/jlggb.net\/blog8\/?p=2077"},"modified":"2023-04-14T00:09:16","modified_gmt":"2023-04-13T22:09:16","slug":"2077","status":"publish","type":"post","link":"https:\/\/jlggb.net\/blog8\/2023\/04\/11\/2077\/","title":{"rendered":"L&rsquo;art du greffon"},"content":{"rendered":"<p><a href=\"https:\/\/jlggb.net\/blog8\/wp-content\/uploads\/2023\/04\/greffons_montage_20230411_full-scaled.jpg\" data-rel=\"lightbox-image-0\" data-imagelightbox=\"0\" data-rl_title=\"\" data-rl_caption=\"\" title=\"\"><img loading=\"lazy\" decoding=\"async\" src=\"https:\/\/jlggb.net\/blog8\/wp-content\/uploads\/2023\/04\/greffons_montage_20230411_full-scaled.jpg\" alt=\"\" width=\"640\" height=\"480\" class=\"alignnone size-full wp-image-2078\" srcset=\"https:\/\/jlggb.net\/blog8\/wp-content\/uploads\/2023\/04\/greffons_montage_20230411_full-scaled.jpg 2560w, https:\/\/jlggb.net\/blog8\/wp-content\/uploads\/2023\/04\/greffons_montage_20230411_full-300x225.jpg 300w, https:\/\/jlggb.net\/blog8\/wp-content\/uploads\/2023\/04\/greffons_montage_20230411_full-1024x768.jpg 1024w, https:\/\/jlggb.net\/blog8\/wp-content\/uploads\/2023\/04\/greffons_montage_20230411_full-768x576.jpg 768w, https:\/\/jlggb.net\/blog8\/wp-content\/uploads\/2023\/04\/greffons_montage_20230411_full-1536x1152.jpg 1536w, https:\/\/jlggb.net\/blog8\/wp-content\/uploads\/2023\/04\/greffons_montage_20230411_full-2048x1536.jpg 2048w, https:\/\/jlggb.net\/blog8\/wp-content\/uploads\/2023\/04\/greffons_montage_20230411_full-150x113.jpg 150w\" sizes=\"auto, (max-width: 640px) 100vw, 640px\" \/><\/a><br \/>\nMardi 11 avril 2023, 17h19, Avenue Franklin Roosevelt, Aix-les-Bains. Une suite de prunus trop voyants, trop roses, trop standards, nous d\u00e9pla\u00eet. Mais un sujet apporte une correction originale. Le m\u00eame arbre a bel et bien des fleurs roses et des fleurs blanches. Les roses sont celles des branches d\u00e9velopp\u00e9es par la greffe, les blanches sont celles du porteur greff\u00e9.<\/p>\n","protected":false},"excerpt":{"rendered":"<p>Mardi 11 avril 2023, 17h19, Avenue Franklin Roosevelt, Aix-les-Bains. Une suite de prunus trop voyants, trop roses, trop standards, nous d\u00e9pla\u00eet. Mais un sujet apporte une correction originale. Le m\u00eame arbre a bel et bien des fleurs roses et des fleurs blanches. Les roses sont celles des branches d\u00e9velopp\u00e9es par la greffe, les blanches sont &hellip; <a href=\"https:\/\/jlggb.net\/blog8\/2023\/04\/11\/2077\/\" class=\"more-link\">Continuer la lecture de <span class=\"screen-reader-text\">L&rsquo;art du greffon<\/span><\/a><\/p>\n","protected":false},"author":1,"featured_media":0,"comment_status":"closed","ping_status":"closed","sticky":false,"template":"","format":"standard","meta":{"footnotes":""},"categories":[20,13],"tags":[],"class_list":["post-2077","post","type-post","status-publish","format-standard","hentry","category-contexte","category-couleur"],"_links":{"self":[{"href":"https:\/\/jlggb.net\/blog8\/wp-json\/wp\/v2\/posts\/2077","targetHints":{"allow":["GET"]}}],"collection":[{"href":"https:\/\/jlggb.net\/blog8\/wp-json\/wp\/v2\/posts"}],"about":[{"href":"https:\/\/jlggb.net\/blog8\/wp-json\/wp\/v2\/types\/post"}],"author":[{"embeddable":true,"href":"https:\/\/jlggb.net\/blog8\/wp-json\/wp\/v2\/users\/1"}],"replies":[{"embeddable":true,"href":"https:\/\/jlggb.net\/blog8\/wp-json\/wp\/v2\/comments?post=2077"}],"version-history":[{"count":10,"href":"https:\/\/jlggb.net\/blog8\/wp-json\/wp\/v2\/posts\/2077\/revisions"}],"predecessor-version":[{"id":2129,"href":"https:\/\/jlggb.net\/blog8\/wp-json\/wp\/v2\/posts\/2077\/revisions\/2129"}],"wp:attachment":[{"href":"https:\/\/jlggb.net\/blog8\/wp-json\/wp\/v2\/media?parent=2077"}],"wp:term":[{"taxonomy":"category","embeddable":true,"href":"https:\/\/jlggb.net\/blog8\/wp-json\/wp\/v2\/categories?post=2077"},{"taxonomy":"post_tag","embeddable":true,"href":"https:\/\/jlggb.net\/blog8\/wp-json\/wp\/v2\/tags?post=2077"}],"curies":[{"name":"wp","href":"https:\/\/api.w.org\/{rel}","templated":true}]}}