{"id":1597,"date":"2023-01-13T16:00:18","date_gmt":"2023-01-13T15:00:18","guid":{"rendered":"http:\/\/jlggb.net\/blog8\/?p=1597"},"modified":"2023-01-15T13:22:09","modified_gmt":"2023-01-15T12:22:09","slug":"vera-fotografia","status":"publish","type":"post","link":"https:\/\/jlggb.net\/blog8\/2023\/01\/13\/vera-fotografia\/","title":{"rendered":"Vera fotografia"},"content":{"rendered":"<p><a href=\"https:\/\/jlggb.net\/blog8\/wp-content\/uploads\/2023\/01\/jodice_veritable_20230113_full-scaled.jpg\" data-rel=\"lightbox-image-0\" data-imagelightbox=\"0\" data-rl_title=\"\" data-rl_caption=\"\" title=\"\"><img loading=\"lazy\" decoding=\"async\" class=\"alignnone wp-image-1598\" src=\"https:\/\/jlggb.net\/blog8\/wp-content\/uploads\/2023\/01\/jodice_veritable_20230113_full-scaled.jpg\" alt=\"\" width=\"640\" height=\"853\" srcset=\"https:\/\/jlggb.net\/blog8\/wp-content\/uploads\/2023\/01\/jodice_veritable_20230113_full-scaled.jpg 1920w, https:\/\/jlggb.net\/blog8\/wp-content\/uploads\/2023\/01\/jodice_veritable_20230113_full-225x300.jpg 225w, https:\/\/jlggb.net\/blog8\/wp-content\/uploads\/2023\/01\/jodice_veritable_20230113_full-768x1024.jpg 768w, https:\/\/jlggb.net\/blog8\/wp-content\/uploads\/2023\/01\/jodice_veritable_20230113_full-1152x1536.jpg 1152w, https:\/\/jlggb.net\/blog8\/wp-content\/uploads\/2023\/01\/jodice_veritable_20230113_full-1536x2048.jpg 1536w, https:\/\/jlggb.net\/blog8\/wp-content\/uploads\/2023\/01\/jodice_veritable_20230113_full-113x150.jpg 113w\" sizes=\"auto, (max-width: 640px) 100vw, 640px\" \/><\/a><br \/>\nVendredi 13 janvier 2023, 16h, Mus\u00e9e du Jeu de Paume, Paris. Dans l&rsquo;exposition \u00ab Renverser ses yeux. Autour de l&rsquo;arte povera 1960-1975&nbsp;: photographie, film, vid\u00e9o \u00bb, Mimmo Jodice, Vera fotografia, 1978. Le bleu des mots r\u00e9v\u00e8le qu&rsquo;ils ont \u00e9t\u00e9 trac\u00e9s sur le tirage photographique. Qui plus est, on voit que le cadre vu en perspective affirme la plan\u00e9it\u00e9 de l&rsquo;image mais aussi une profondeur dont \u00e9merge la main tenant le stylo.<\/p>\n","protected":false},"excerpt":{"rendered":"<p>Vendredi 13 janvier 2023, 16h, Mus\u00e9e du Jeu de Paume, Paris. Dans l&rsquo;exposition \u00ab Renverser ses yeux. Autour de l&rsquo;arte povera 1960-1975&nbsp;: photographie, film, vid\u00e9o \u00bb, Mimmo Jodice, Vera fotografia, 1978. Le bleu des mots r\u00e9v\u00e8le qu&rsquo;ils ont \u00e9t\u00e9 trac\u00e9s sur le tirage photographique. Qui plus est, on voit que le cadre vu en perspective &hellip; <a href=\"https:\/\/jlggb.net\/blog8\/2023\/01\/13\/vera-fotografia\/\" class=\"more-link\">Continuer la lecture de <span class=\"screen-reader-text\">Vera fotografia<\/span><\/a><\/p>\n","protected":false},"author":1,"featured_media":0,"comment_status":"closed","ping_status":"closed","sticky":false,"template":"","format":"standard","meta":{"footnotes":""},"categories":[7,8,28],"tags":[42,271,300,253],"class_list":["post-1597","post","type-post","status-publish","format-standard","hentry","category-art","category-didactique","category-objet","tag-ecriture","tag-photo","tag-realite","tag-stylo"],"_links":{"self":[{"href":"https:\/\/jlggb.net\/blog8\/wp-json\/wp\/v2\/posts\/1597","targetHints":{"allow":["GET"]}}],"collection":[{"href":"https:\/\/jlggb.net\/blog8\/wp-json\/wp\/v2\/posts"}],"about":[{"href":"https:\/\/jlggb.net\/blog8\/wp-json\/wp\/v2\/types\/post"}],"author":[{"embeddable":true,"href":"https:\/\/jlggb.net\/blog8\/wp-json\/wp\/v2\/users\/1"}],"replies":[{"embeddable":true,"href":"https:\/\/jlggb.net\/blog8\/wp-json\/wp\/v2\/comments?post=1597"}],"version-history":[{"count":4,"href":"https:\/\/jlggb.net\/blog8\/wp-json\/wp\/v2\/posts\/1597\/revisions"}],"predecessor-version":[{"id":1602,"href":"https:\/\/jlggb.net\/blog8\/wp-json\/wp\/v2\/posts\/1597\/revisions\/1602"}],"wp:attachment":[{"href":"https:\/\/jlggb.net\/blog8\/wp-json\/wp\/v2\/media?parent=1597"}],"wp:term":[{"taxonomy":"category","embeddable":true,"href":"https:\/\/jlggb.net\/blog8\/wp-json\/wp\/v2\/categories?post=1597"},{"taxonomy":"post_tag","embeddable":true,"href":"https:\/\/jlggb.net\/blog8\/wp-json\/wp\/v2\/tags?post=1597"}],"curies":[{"name":"wp","href":"https:\/\/api.w.org\/{rel}","templated":true}]}}