{"id":1371,"date":"2022-12-08T18:41:07","date_gmt":"2022-12-08T17:41:07","guid":{"rendered":"http:\/\/jlggb.net\/blog8\/?p=1371"},"modified":"2023-06-06T00:11:44","modified_gmt":"2023-06-05T22:11:44","slug":"le-numero-45-de-la-couleur-des-jours","status":"publish","type":"post","link":"https:\/\/jlggb.net\/blog8\/2022\/12\/08\/le-numero-45-de-la-couleur-des-jours\/","title":{"rendered":"Le num\u00e9ro 45 de La Couleur des jours"},"content":{"rendered":"<p><a href=\"https:\/\/jlggb.net\/blog8\/wp-content\/uploads\/2022\/12\/cdj_45_jlggb.jpg\" data-rel=\"lightbox-image-0\" data-imagelightbox=\"0\" data-rl_title=\"\" data-rl_caption=\"\" title=\"\"><img loading=\"lazy\" decoding=\"async\" class=\"alignnone wp-image-1374\" src=\"https:\/\/jlggb.net\/blog8\/wp-content\/uploads\/2022\/12\/cdj_45_jlggb.jpg\" alt=\"\" width=\"640\" height=\"1081\" srcset=\"https:\/\/jlggb.net\/blog8\/wp-content\/uploads\/2022\/12\/cdj_45_jlggb.jpg 1128w, https:\/\/jlggb.net\/blog8\/wp-content\/uploads\/2022\/12\/cdj_45_jlggb-178x300.jpg 178w, https:\/\/jlggb.net\/blog8\/wp-content\/uploads\/2022\/12\/cdj_45_jlggb-606x1024.jpg 606w, https:\/\/jlggb.net\/blog8\/wp-content\/uploads\/2022\/12\/cdj_45_jlggb-768x1297.jpg 768w, https:\/\/jlggb.net\/blog8\/wp-content\/uploads\/2022\/12\/cdj_45_jlggb-910x1536.jpg 910w, https:\/\/jlggb.net\/blog8\/wp-content\/uploads\/2022\/12\/cdj_45_jlggb-89x150.jpg 89w\" sizes=\"auto, (max-width: 640px) 100vw, 640px\" \/><\/a><\/p>\n<p>Jeudi 8 d\u00e9cembre 2022, 20h. Deux moments d&rsquo;intense occupation, l&rsquo;exposition de gobelets japonais \u00e0 La Borne et l&rsquo;exposition sur Les Immat\u00e9riux au ZKM Karlsruhe, ont donn\u00e9 des images avec des l\u00e9gendes, pour le num\u00e9ro 45 de <em>La Couleur des jours<\/em>, hiver 2022-2023,\u00a0<a href=\"http:\/\/www.lacouleurdesjours.ch\/\" target=\"_blank\" rel=\"noopener\">http:\/\/www.lacouleurdesjours.ch\/<\/a>.<\/p>\n","protected":false},"excerpt":{"rendered":"<p>Jeudi 8 d\u00e9cembre 2022, 20h. Deux moments d&rsquo;intense occupation, l&rsquo;exposition de gobelets japonais \u00e0 La Borne et l&rsquo;exposition sur Les Immat\u00e9riux au ZKM Karlsruhe, ont donn\u00e9 des images avec des l\u00e9gendes, pour le num\u00e9ro 45 de La Couleur des jours, hiver 2022-2023,\u00a0http:\/\/www.lacouleurdesjours.ch\/.<\/p>\n","protected":false},"author":1,"featured_media":0,"comment_status":"closed","ping_status":"closed","sticky":false,"template":"","format":"standard","meta":{"footnotes":""},"categories":[9,71],"tags":[87],"class_list":["post-1371","post","type-post","status-publish","format-standard","hentry","category-collection","category-lecture","tag-la-couleur-des-jours"],"_links":{"self":[{"href":"https:\/\/jlggb.net\/blog8\/wp-json\/wp\/v2\/posts\/1371","targetHints":{"allow":["GET"]}}],"collection":[{"href":"https:\/\/jlggb.net\/blog8\/wp-json\/wp\/v2\/posts"}],"about":[{"href":"https:\/\/jlggb.net\/blog8\/wp-json\/wp\/v2\/types\/post"}],"author":[{"embeddable":true,"href":"https:\/\/jlggb.net\/blog8\/wp-json\/wp\/v2\/users\/1"}],"replies":[{"embeddable":true,"href":"https:\/\/jlggb.net\/blog8\/wp-json\/wp\/v2\/comments?post=1371"}],"version-history":[{"count":7,"href":"https:\/\/jlggb.net\/blog8\/wp-json\/wp\/v2\/posts\/1371\/revisions"}],"predecessor-version":[{"id":1379,"href":"https:\/\/jlggb.net\/blog8\/wp-json\/wp\/v2\/posts\/1371\/revisions\/1379"}],"wp:attachment":[{"href":"https:\/\/jlggb.net\/blog8\/wp-json\/wp\/v2\/media?parent=1371"}],"wp:term":[{"taxonomy":"category","embeddable":true,"href":"https:\/\/jlggb.net\/blog8\/wp-json\/wp\/v2\/categories?post=1371"},{"taxonomy":"post_tag","embeddable":true,"href":"https:\/\/jlggb.net\/blog8\/wp-json\/wp\/v2\/tags?post=1371"}],"curies":[{"name":"wp","href":"https:\/\/api.w.org\/{rel}","templated":true}]}}