{"id":1356,"date":"2022-11-30T13:00:30","date_gmt":"2022-11-30T12:00:30","guid":{"rendered":"http:\/\/jlggb.net\/blog8\/?p=1356"},"modified":"2023-05-10T22:55:32","modified_gmt":"2023-05-10T20:55:32","slug":"deux-yeux","status":"publish","type":"post","link":"https:\/\/jlggb.net\/blog8\/2022\/11\/30\/deux-yeux\/","title":{"rendered":"Voir (La vie des objets. Ch. 117)"},"content":{"rendered":"<p><a href=\"https:\/\/jlggb.net\/blog8\/wp-content\/uploads\/2022\/12\/augen-karlsruhe-20221130-full-scaled.jpg\" data-rel=\"lightbox-image-0\" data-imagelightbox=\"0\" data-rl_title=\"\" data-rl_caption=\"\" title=\"\"><img loading=\"lazy\" decoding=\"async\" src=\"https:\/\/jlggb.net\/blog8\/wp-content\/uploads\/2022\/12\/augen-karlsruhe-20221130-full-scaled.jpg\" alt=\"\" width=\"640\" height=\"480\" class=\"alignnone size-full wp-image-1357\" srcset=\"https:\/\/jlggb.net\/blog8\/wp-content\/uploads\/2022\/12\/augen-karlsruhe-20221130-full-scaled.jpg 2560w, https:\/\/jlggb.net\/blog8\/wp-content\/uploads\/2022\/12\/augen-karlsruhe-20221130-full-300x225.jpg 300w, https:\/\/jlggb.net\/blog8\/wp-content\/uploads\/2022\/12\/augen-karlsruhe-20221130-full-1024x768.jpg 1024w, https:\/\/jlggb.net\/blog8\/wp-content\/uploads\/2022\/12\/augen-karlsruhe-20221130-full-768x576.jpg 768w, https:\/\/jlggb.net\/blog8\/wp-content\/uploads\/2022\/12\/augen-karlsruhe-20221130-full-1536x1152.jpg 1536w, https:\/\/jlggb.net\/blog8\/wp-content\/uploads\/2022\/12\/augen-karlsruhe-20221130-full-2048x1536.jpg 2048w, https:\/\/jlggb.net\/blog8\/wp-content\/uploads\/2022\/12\/augen-karlsruhe-20221130-full-150x113.jpg 150w\" sizes=\"auto, (max-width: 640px) 100vw, 640px\" \/><\/a><br \/>\nMercredi 30 novembre 2022, 13h, centre commercial sur la Kriegstrasse, Karlsruhe. Le g\u00e2teau sabl\u00e9 se nomme Pfauenaugen, \u0153il de paon, avec sa confiture comme iris. Et alors un \u0153il du bois de la table se manifeste \u00e0 nos yeux pour \u00eatre saisi avec l&rsquo;autre.<\/p>\n","protected":false},"excerpt":{"rendered":"<p>Mercredi 30 novembre 2022, 13h, centre commercial sur la Kriegstrasse, Karlsruhe. Le g\u00e2teau sabl\u00e9 se nomme Pfauenaugen, \u0153il de paon, avec sa confiture comme iris. Et alors un \u0153il du bois de la table se manifeste \u00e0 nos yeux pour \u00eatre saisi avec l&rsquo;autre.<\/p>\n","protected":false},"author":1,"featured_media":0,"comment_status":"closed","ping_status":"closed","sticky":false,"template":"","format":"standard","meta":{"footnotes":""},"categories":[9,20,28],"tags":[260,261,259,262],"class_list":["post-1356","post","type-post","status-publish","format-standard","hentry","category-collection","category-contexte","category-objet","tag-menuiserie","tag-oeil","tag-patisserie","tag-yeux"],"_links":{"self":[{"href":"https:\/\/jlggb.net\/blog8\/wp-json\/wp\/v2\/posts\/1356","targetHints":{"allow":["GET"]}}],"collection":[{"href":"https:\/\/jlggb.net\/blog8\/wp-json\/wp\/v2\/posts"}],"about":[{"href":"https:\/\/jlggb.net\/blog8\/wp-json\/wp\/v2\/types\/post"}],"author":[{"embeddable":true,"href":"https:\/\/jlggb.net\/blog8\/wp-json\/wp\/v2\/users\/1"}],"replies":[{"embeddable":true,"href":"https:\/\/jlggb.net\/blog8\/wp-json\/wp\/v2\/comments?post=1356"}],"version-history":[{"count":9,"href":"https:\/\/jlggb.net\/blog8\/wp-json\/wp\/v2\/posts\/1356\/revisions"}],"predecessor-version":[{"id":2386,"href":"https:\/\/jlggb.net\/blog8\/wp-json\/wp\/v2\/posts\/1356\/revisions\/2386"}],"wp:attachment":[{"href":"https:\/\/jlggb.net\/blog8\/wp-json\/wp\/v2\/media?parent=1356"}],"wp:term":[{"taxonomy":"category","embeddable":true,"href":"https:\/\/jlggb.net\/blog8\/wp-json\/wp\/v2\/categories?post=1356"},{"taxonomy":"post_tag","embeddable":true,"href":"https:\/\/jlggb.net\/blog8\/wp-json\/wp\/v2\/tags?post=1356"}],"curies":[{"name":"wp","href":"https:\/\/api.w.org\/{rel}","templated":true}]}}