{"id":1264,"date":"2022-09-23T17:00:07","date_gmt":"2022-09-23T15:00:07","guid":{"rendered":"http:\/\/jlggb.net\/blog8\/?p=1264"},"modified":"2024-08-25T22:00:57","modified_gmt":"2024-08-25T20:00:57","slug":"une-table-ronde-du-18e-siecle","status":"publish","type":"post","link":"https:\/\/jlggb.net\/blog8\/2022\/09\/23\/une-table-ronde-du-18e-siecle\/","title":{"rendered":"Meubles paysans du 18e si\u00e8cle"},"content":{"rendered":"<p><a href=\"https:\/\/jlggb.net\/blog8\/wp-content\/uploads\/2022\/10\/table-annecy-musee-20220923-full-scaled.jpg\" data-rel=\"lightbox-image-0\" data-imagelightbox=\"0\" data-rl_title=\"\" data-rl_caption=\"\" title=\"\"><img loading=\"lazy\" decoding=\"async\" src=\"https:\/\/jlggb.net\/blog8\/wp-content\/uploads\/2022\/10\/table-annecy-musee-20220923-full-scaled.jpg\" alt=\"\" width=\"640\" height=\"480\" class=\"alignnone size-full wp-image-1265\" srcset=\"https:\/\/jlggb.net\/blog8\/wp-content\/uploads\/2022\/10\/table-annecy-musee-20220923-full-scaled.jpg 2560w, https:\/\/jlggb.net\/blog8\/wp-content\/uploads\/2022\/10\/table-annecy-musee-20220923-full-300x225.jpg 300w, https:\/\/jlggb.net\/blog8\/wp-content\/uploads\/2022\/10\/table-annecy-musee-20220923-full-1024x768.jpg 1024w, https:\/\/jlggb.net\/blog8\/wp-content\/uploads\/2022\/10\/table-annecy-musee-20220923-full-768x576.jpg 768w, https:\/\/jlggb.net\/blog8\/wp-content\/uploads\/2022\/10\/table-annecy-musee-20220923-full-1536x1152.jpg 1536w, https:\/\/jlggb.net\/blog8\/wp-content\/uploads\/2022\/10\/table-annecy-musee-20220923-full-2048x1536.jpg 2048w, https:\/\/jlggb.net\/blog8\/wp-content\/uploads\/2022\/10\/table-annecy-musee-20220923-full-150x113.jpg 150w\" sizes=\"auto, (max-width: 640px) 100vw, 640px\" \/><\/a><br \/>\n<a href=\"https:\/\/jlggb.net\/blog8\/wp-content\/uploads\/2022\/09\/coffre-annecy-musee-20220923-full-scaled.jpg\" data-rel=\"lightbox-image-1\" data-imagelightbox=\"1\" data-rl_title=\"\" data-rl_caption=\"\" title=\"\"><img loading=\"lazy\" decoding=\"async\" src=\"https:\/\/jlggb.net\/blog8\/wp-content\/uploads\/2022\/09\/coffre-annecy-musee-20220923-full-scaled.jpg\" alt=\"\" width=\"640\" height=\"480\" class=\"alignnone size-full wp-image-1269\" srcset=\"https:\/\/jlggb.net\/blog8\/wp-content\/uploads\/2022\/09\/coffre-annecy-musee-20220923-full-scaled.jpg 2560w, https:\/\/jlggb.net\/blog8\/wp-content\/uploads\/2022\/09\/coffre-annecy-musee-20220923-full-300x225.jpg 300w, https:\/\/jlggb.net\/blog8\/wp-content\/uploads\/2022\/09\/coffre-annecy-musee-20220923-full-1024x768.jpg 1024w, https:\/\/jlggb.net\/blog8\/wp-content\/uploads\/2022\/09\/coffre-annecy-musee-20220923-full-768x576.jpg 768w, https:\/\/jlggb.net\/blog8\/wp-content\/uploads\/2022\/09\/coffre-annecy-musee-20220923-full-1536x1152.jpg 1536w, https:\/\/jlggb.net\/blog8\/wp-content\/uploads\/2022\/09\/coffre-annecy-musee-20220923-full-2048x1536.jpg 2048w, https:\/\/jlggb.net\/blog8\/wp-content\/uploads\/2022\/09\/coffre-annecy-musee-20220923-full-150x113.jpg 150w\" sizes=\"auto, (max-width: 640px) 100vw, 640px\" \/><\/a><br \/>\nVendredi 23 septembre 2022, 17h, Mus\u00e9e Ch\u00e2teau d&rsquo;Annecy. Il y a une section, ethnographique dit-on aujourd&rsquo;hui, avec de beaux meubles \u00ab d&rsquo;alpage \u00bb. En \u00e9pic\u00e9a, la table \u00ab de berger \u00bb, pliante \u00e0 trois pieds, pour faciliter l&rsquo;itin\u00e9rance mais aussi parce qu&rsquo;elle est ainsi plus stable sur un sol irr\u00e9gulier, m&rsquo;int\u00e9resse aujourd&rsquo;hui alors que je r\u00e9fl\u00e9chis aux tables qui recevront les gobelets de c\u00e9ramique d&rsquo;une exposition. En pin cembro, le coffre du Beaufortain a des \u00ab pieds poteaux \u00bb. Ses rosaces entrent en r\u00e9sonance avec les motifs observ\u00e9s longuement sur les poteries Mingei, mouvement japonais sym\u00e9trique des Arts et Traditions populaires.<\/p>\n","protected":false},"excerpt":{"rendered":"<p>Vendredi 23 septembre 2022, 17h, Mus\u00e9e Ch\u00e2teau d&rsquo;Annecy. Il y a une section, ethnographique dit-on aujourd&rsquo;hui, avec de beaux meubles \u00ab d&rsquo;alpage \u00bb. En \u00e9pic\u00e9a, la table \u00ab de berger \u00bb, pliante \u00e0 trois pieds, pour faciliter l&rsquo;itin\u00e9rance mais aussi parce qu&rsquo;elle est ainsi plus stable sur un sol irr\u00e9gulier, m&rsquo;int\u00e9resse aujourd&rsquo;hui alors que je &hellip; <a href=\"https:\/\/jlggb.net\/blog8\/2022\/09\/23\/une-table-ronde-du-18e-siecle\/\" class=\"more-link\">Continuer la lecture de <span class=\"screen-reader-text\">Meubles paysans du 18e si\u00e8cle<\/span><\/a><\/p>\n","protected":false},"author":1,"featured_media":0,"comment_status":"closed","ping_status":"closed","sticky":false,"template":"","format":"standard","meta":{"footnotes":""},"categories":[67,122,6,53],"tags":[64,239,238,237],"class_list":["post-1264","post","type-post","status-publish","format-standard","hentry","category-artisanat","category-construction","category-design","category-histoire","tag-bois","tag-coffre","tag-savoie","tag-table"],"_links":{"self":[{"href":"https:\/\/jlggb.net\/blog8\/wp-json\/wp\/v2\/posts\/1264","targetHints":{"allow":["GET"]}}],"collection":[{"href":"https:\/\/jlggb.net\/blog8\/wp-json\/wp\/v2\/posts"}],"about":[{"href":"https:\/\/jlggb.net\/blog8\/wp-json\/wp\/v2\/types\/post"}],"author":[{"embeddable":true,"href":"https:\/\/jlggb.net\/blog8\/wp-json\/wp\/v2\/users\/1"}],"replies":[{"embeddable":true,"href":"https:\/\/jlggb.net\/blog8\/wp-json\/wp\/v2\/comments?post=1264"}],"version-history":[{"count":7,"href":"https:\/\/jlggb.net\/blog8\/wp-json\/wp\/v2\/posts\/1264\/revisions"}],"predecessor-version":[{"id":3922,"href":"https:\/\/jlggb.net\/blog8\/wp-json\/wp\/v2\/posts\/1264\/revisions\/3922"}],"wp:attachment":[{"href":"https:\/\/jlggb.net\/blog8\/wp-json\/wp\/v2\/media?parent=1264"}],"wp:term":[{"taxonomy":"category","embeddable":true,"href":"https:\/\/jlggb.net\/blog8\/wp-json\/wp\/v2\/categories?post=1264"},{"taxonomy":"post_tag","embeddable":true,"href":"https:\/\/jlggb.net\/blog8\/wp-json\/wp\/v2\/tags?post=1264"}],"curies":[{"name":"wp","href":"https:\/\/api.w.org\/{rel}","templated":true}]}}