{"id":1252,"date":"2022-09-23T19:00:34","date_gmt":"2022-09-23T17:00:34","guid":{"rendered":"http:\/\/jlggb.net\/blog8\/?p=1252"},"modified":"2022-09-26T15:06:12","modified_gmt":"2022-09-26T13:06:12","slug":"lautomne","status":"publish","type":"post","link":"https:\/\/jlggb.net\/blog8\/2022\/09\/23\/lautomne\/","title":{"rendered":"L&rsquo;automne"},"content":{"rendered":"<p><a href=\"https:\/\/jlggb.net\/blog8\/wp-content\/uploads\/2022\/09\/ciel-aix-20220923-full-scaled.jpg\" data-rel=\"lightbox-image-0\" data-imagelightbox=\"0\" data-rl_title=\"\" data-rl_caption=\"\" title=\"\"><img loading=\"lazy\" decoding=\"async\" class=\"alignnone wp-image-1253\" src=\"https:\/\/jlggb.net\/blog8\/wp-content\/uploads\/2022\/09\/ciel-aix-20220923-full-scaled.jpg\" alt=\"\" width=\"640\" height=\"480\" srcset=\"https:\/\/jlggb.net\/blog8\/wp-content\/uploads\/2022\/09\/ciel-aix-20220923-full-scaled.jpg 2560w, https:\/\/jlggb.net\/blog8\/wp-content\/uploads\/2022\/09\/ciel-aix-20220923-full-300x225.jpg 300w, https:\/\/jlggb.net\/blog8\/wp-content\/uploads\/2022\/09\/ciel-aix-20220923-full-1024x768.jpg 1024w, https:\/\/jlggb.net\/blog8\/wp-content\/uploads\/2022\/09\/ciel-aix-20220923-full-768x576.jpg 768w, https:\/\/jlggb.net\/blog8\/wp-content\/uploads\/2022\/09\/ciel-aix-20220923-full-1536x1152.jpg 1536w, https:\/\/jlggb.net\/blog8\/wp-content\/uploads\/2022\/09\/ciel-aix-20220923-full-2048x1536.jpg 2048w, https:\/\/jlggb.net\/blog8\/wp-content\/uploads\/2022\/09\/ciel-aix-20220923-full-150x113.jpg 150w\" sizes=\"auto, (max-width: 640px) 100vw, 640px\" \/><\/a><br \/>\nVendredi 23 septembre 2022, 19h, Aix-les-Bains. La marche de ce soir n&rsquo;apportait pas de nouveaut\u00e9s. Le ciel pourtant, vers le nord-est, pouvait se lire au pass\u00e9, au pr\u00e9sent et au futur.<\/p>\n","protected":false},"excerpt":{"rendered":"<p>Vendredi 23 septembre 2022, 19h, Aix-les-Bains. La marche de ce soir n&rsquo;apportait pas de nouveaut\u00e9s. Le ciel pourtant, vers le nord-est, pouvait se lire au pass\u00e9, au pr\u00e9sent et au futur.<\/p>\n","protected":false},"author":1,"featured_media":0,"comment_status":"closed","ping_status":"closed","sticky":false,"template":"","format":"standard","meta":{"footnotes":""},"categories":[53,95,18],"tags":[158,46,235],"class_list":["post-1252","post","type-post","status-publish","format-standard","hentry","category-histoire","category-temps","category-vue","tag-ciel","tag-couleur","tag-saison"],"_links":{"self":[{"href":"https:\/\/jlggb.net\/blog8\/wp-json\/wp\/v2\/posts\/1252","targetHints":{"allow":["GET"]}}],"collection":[{"href":"https:\/\/jlggb.net\/blog8\/wp-json\/wp\/v2\/posts"}],"about":[{"href":"https:\/\/jlggb.net\/blog8\/wp-json\/wp\/v2\/types\/post"}],"author":[{"embeddable":true,"href":"https:\/\/jlggb.net\/blog8\/wp-json\/wp\/v2\/users\/1"}],"replies":[{"embeddable":true,"href":"https:\/\/jlggb.net\/blog8\/wp-json\/wp\/v2\/comments?post=1252"}],"version-history":[{"count":1,"href":"https:\/\/jlggb.net\/blog8\/wp-json\/wp\/v2\/posts\/1252\/revisions"}],"predecessor-version":[{"id":1254,"href":"https:\/\/jlggb.net\/blog8\/wp-json\/wp\/v2\/posts\/1252\/revisions\/1254"}],"wp:attachment":[{"href":"https:\/\/jlggb.net\/blog8\/wp-json\/wp\/v2\/media?parent=1252"}],"wp:term":[{"taxonomy":"category","embeddable":true,"href":"https:\/\/jlggb.net\/blog8\/wp-json\/wp\/v2\/categories?post=1252"},{"taxonomy":"post_tag","embeddable":true,"href":"https:\/\/jlggb.net\/blog8\/wp-json\/wp\/v2\/tags?post=1252"}],"curies":[{"name":"wp","href":"https:\/\/api.w.org\/{rel}","templated":true}]}}