{"id":1192,"date":"2022-08-20T11:50:59","date_gmt":"2022-08-20T09:50:59","guid":{"rendered":"http:\/\/jlggb.net\/blog8\/?p=1192"},"modified":"2022-08-24T00:19:29","modified_gmt":"2022-08-23T22:19:29","slug":"age-du-bronze-final","status":"publish","type":"post","link":"https:\/\/jlggb.net\/blog8\/2022\/08\/20\/age-du-bronze-final\/","title":{"rendered":"Modestie d&rsquo;une pr\u00e9sence"},"content":{"rendered":"<p><a href=\"https:\/\/jlggb.net\/blog8\/wp-content\/uploads\/2022\/08\/gobelet-bronze-20220820-full-scaled.jpg\" data-rel=\"lightbox-image-0\" data-imagelightbox=\"0\" data-rl_title=\"\" data-rl_caption=\"\" title=\"\"><img loading=\"lazy\" decoding=\"async\" src=\"https:\/\/jlggb.net\/blog8\/wp-content\/uploads\/2022\/08\/gobelet-bronze-20220820-full-scaled.jpg\" alt=\"\" width=\"640\" height=\"480\" class=\"alignnone size-full wp-image-1197\" srcset=\"https:\/\/jlggb.net\/blog8\/wp-content\/uploads\/2022\/08\/gobelet-bronze-20220820-full-scaled.jpg 2560w, https:\/\/jlggb.net\/blog8\/wp-content\/uploads\/2022\/08\/gobelet-bronze-20220820-full-300x225.jpg 300w, https:\/\/jlggb.net\/blog8\/wp-content\/uploads\/2022\/08\/gobelet-bronze-20220820-full-1024x768.jpg 1024w, https:\/\/jlggb.net\/blog8\/wp-content\/uploads\/2022\/08\/gobelet-bronze-20220820-full-768x576.jpg 768w, https:\/\/jlggb.net\/blog8\/wp-content\/uploads\/2022\/08\/gobelet-bronze-20220820-full-1536x1152.jpg 1536w, https:\/\/jlggb.net\/blog8\/wp-content\/uploads\/2022\/08\/gobelet-bronze-20220820-full-2048x1536.jpg 2048w, https:\/\/jlggb.net\/blog8\/wp-content\/uploads\/2022\/08\/gobelet-bronze-20220820-full-150x113.jpg 150w\" sizes=\"auto, (max-width: 640px) 100vw, 640px\" \/><\/a><br \/>\nSamedi 20 ao\u00fbt 2022, 11h50, Mus\u00e9e de Valence, Dr\u00f4me. Atlas du gobelet&nbsp;: gobelet de terre cuite, Grotte de Baume-Sourde \u00e0 Francillon-sur-Roubio, Dr\u00f4me, \u00e2ge du bronze final [de -1400 \u00e0 -800]. La modestie d&rsquo;un r\u00e9cipient qu&rsquo;on nomme gobelet, sa taille, son ouverture, lui donnent une pr\u00e9sence, une passibilit\u00e9 de saisie.<\/p>\n","protected":false},"excerpt":{"rendered":"<p>Samedi 20 ao\u00fbt 2022, 11h50, Mus\u00e9e de Valence, Dr\u00f4me. Atlas du gobelet&nbsp;: gobelet de terre cuite, Grotte de Baume-Sourde \u00e0 Francillon-sur-Roubio, Dr\u00f4me, \u00e2ge du bronze final [de -1400 \u00e0 -800]. La modestie d&rsquo;un r\u00e9cipient qu&rsquo;on nomme gobelet, sa taille, son ouverture, lui donnent une pr\u00e9sence, une passibilit\u00e9 de saisie.<\/p>\n","protected":false},"author":1,"featured_media":0,"comment_status":"closed","ping_status":"closed","sticky":false,"template":"","format":"standard","meta":{"footnotes":""},"categories":[67,9,53,28],"tags":[175,225],"class_list":["post-1192","post","type-post","status-publish","format-standard","hentry","category-artisanat","category-collection","category-histoire","category-objet","tag-archeologie","tag-valence"],"_links":{"self":[{"href":"https:\/\/jlggb.net\/blog8\/wp-json\/wp\/v2\/posts\/1192","targetHints":{"allow":["GET"]}}],"collection":[{"href":"https:\/\/jlggb.net\/blog8\/wp-json\/wp\/v2\/posts"}],"about":[{"href":"https:\/\/jlggb.net\/blog8\/wp-json\/wp\/v2\/types\/post"}],"author":[{"embeddable":true,"href":"https:\/\/jlggb.net\/blog8\/wp-json\/wp\/v2\/users\/1"}],"replies":[{"embeddable":true,"href":"https:\/\/jlggb.net\/blog8\/wp-json\/wp\/v2\/comments?post=1192"}],"version-history":[{"count":6,"href":"https:\/\/jlggb.net\/blog8\/wp-json\/wp\/v2\/posts\/1192\/revisions"}],"predecessor-version":[{"id":1199,"href":"https:\/\/jlggb.net\/blog8\/wp-json\/wp\/v2\/posts\/1192\/revisions\/1199"}],"wp:attachment":[{"href":"https:\/\/jlggb.net\/blog8\/wp-json\/wp\/v2\/media?parent=1192"}],"wp:term":[{"taxonomy":"category","embeddable":true,"href":"https:\/\/jlggb.net\/blog8\/wp-json\/wp\/v2\/categories?post=1192"},{"taxonomy":"post_tag","embeddable":true,"href":"https:\/\/jlggb.net\/blog8\/wp-json\/wp\/v2\/tags?post=1192"}],"curies":[{"name":"wp","href":"https:\/\/api.w.org\/{rel}","templated":true}]}}