{"id":1172,"date":"2022-07-31T18:00:32","date_gmt":"2022-07-31T16:00:32","guid":{"rendered":"http:\/\/jlggb.net\/blog8\/?p=1172"},"modified":"2023-05-10T22:57:47","modified_gmt":"2023-05-10T20:57:47","slug":"lire-vie-des-objets-ch-113","status":"publish","type":"post","link":"https:\/\/jlggb.net\/blog8\/2022\/07\/31\/lire-vie-des-objets-ch-113\/","title":{"rendered":"Lire (La vie des objets. Ch. 112)"},"content":{"rendered":"<p><a href=\"https:\/\/jlggb.net\/blog8\/wp-content\/uploads\/2022\/08\/fanon-nation-20220731-jlggb-scaled.jpg\" data-rel=\"lightbox-image-0\" data-imagelightbox=\"0\" data-rl_title=\"\" data-rl_caption=\"\" title=\"\"><img loading=\"lazy\" decoding=\"async\" class=\"alignnone size-full wp-image-1173\" src=\"https:\/\/jlggb.net\/blog8\/wp-content\/uploads\/2022\/08\/fanon-nation-20220731-jlggb-scaled.jpg\" alt=\"\" width=\"640\" height=\"480\" srcset=\"https:\/\/jlggb.net\/blog8\/wp-content\/uploads\/2022\/08\/fanon-nation-20220731-jlggb-scaled.jpg 2560w, https:\/\/jlggb.net\/blog8\/wp-content\/uploads\/2022\/08\/fanon-nation-20220731-jlggb-300x225.jpg 300w, https:\/\/jlggb.net\/blog8\/wp-content\/uploads\/2022\/08\/fanon-nation-20220731-jlggb-1024x768.jpg 1024w, https:\/\/jlggb.net\/blog8\/wp-content\/uploads\/2022\/08\/fanon-nation-20220731-jlggb-768x576.jpg 768w, https:\/\/jlggb.net\/blog8\/wp-content\/uploads\/2022\/08\/fanon-nation-20220731-jlggb-1536x1152.jpg 1536w, https:\/\/jlggb.net\/blog8\/wp-content\/uploads\/2022\/08\/fanon-nation-20220731-jlggb-2048x1536.jpg 2048w, https:\/\/jlggb.net\/blog8\/wp-content\/uploads\/2022\/08\/fanon-nation-20220731-jlggb-150x113.jpg 150w\" sizes=\"auto, (max-width: 640px) 100vw, 640px\" \/><\/a><br \/>\nDimanche 31 juillet 2022, 18h, place des Antilles, Paris, 11e. Il est port\u00e9, il est en partie masqu\u00e9, il est situ\u00e9. Le rassemblement festif et militant aide \u00e0 comprendre&nbsp;: \u00ab\u00a0Chaque g\u00e9n\u00e9ration doit dans une relative opacit\u00e9 d\u00e9couvrir sa mission, la remplir ou la trahir\u00a0\u00bb.<\/p>\n","protected":false},"excerpt":{"rendered":"<p>Dimanche 31 juillet 2022, 18h, place des Antilles, Paris, 11e. Il est port\u00e9, il est en partie masqu\u00e9, il est situ\u00e9. Le rassemblement festif et militant aide \u00e0 comprendre&nbsp;: \u00ab\u00a0Chaque g\u00e9n\u00e9ration doit dans une relative opacit\u00e9 d\u00e9couvrir sa mission, la remplir ou la trahir\u00a0\u00bb.<\/p>\n","protected":false},"author":1,"featured_media":0,"comment_status":"closed","ping_status":"closed","sticky":false,"template":"","format":"standard","meta":{"footnotes":""},"categories":[113,16,28,50],"tags":[221,222],"class_list":["post-1172","post","type-post","status-publish","format-standard","hentry","category-dire","category-moment","category-objet","category-phrase","tag-antilles","tag-frantz-fanon"],"_links":{"self":[{"href":"https:\/\/jlggb.net\/blog8\/wp-json\/wp\/v2\/posts\/1172","targetHints":{"allow":["GET"]}}],"collection":[{"href":"https:\/\/jlggb.net\/blog8\/wp-json\/wp\/v2\/posts"}],"about":[{"href":"https:\/\/jlggb.net\/blog8\/wp-json\/wp\/v2\/types\/post"}],"author":[{"embeddable":true,"href":"https:\/\/jlggb.net\/blog8\/wp-json\/wp\/v2\/users\/1"}],"replies":[{"embeddable":true,"href":"https:\/\/jlggb.net\/blog8\/wp-json\/wp\/v2\/comments?post=1172"}],"version-history":[{"count":8,"href":"https:\/\/jlggb.net\/blog8\/wp-json\/wp\/v2\/posts\/1172\/revisions"}],"predecessor-version":[{"id":2391,"href":"https:\/\/jlggb.net\/blog8\/wp-json\/wp\/v2\/posts\/1172\/revisions\/2391"}],"wp:attachment":[{"href":"https:\/\/jlggb.net\/blog8\/wp-json\/wp\/v2\/media?parent=1172"}],"wp:term":[{"taxonomy":"category","embeddable":true,"href":"https:\/\/jlggb.net\/blog8\/wp-json\/wp\/v2\/categories?post=1172"},{"taxonomy":"post_tag","embeddable":true,"href":"https:\/\/jlggb.net\/blog8\/wp-json\/wp\/v2\/tags?post=1172"}],"curies":[{"name":"wp","href":"https:\/\/api.w.org\/{rel}","templated":true}]}}