{"id":1112,"date":"2022-08-11T13:30:45","date_gmt":"2022-08-11T11:30:45","guid":{"rendered":"http:\/\/jlggb.net\/blog8\/?p=1112"},"modified":"2023-05-10T22:57:30","modified_gmt":"2023-05-10T20:57:30","slug":"sinscrire-vie-des-objets-ch-111","status":"publish","type":"post","link":"https:\/\/jlggb.net\/blog8\/2022\/08\/11\/sinscrire-vie-des-objets-ch-111\/","title":{"rendered":"S&rsquo;inscrire (La vie des objets. Ch. 113)"},"content":{"rendered":"<p><a href=\"https:\/\/jlggb.net\/blog8\/wp-content\/uploads\/2022\/08\/crepe-carree-20220811-instag-scaled.jpg\" data-rel=\"lightbox-image-0\" data-imagelightbox=\"0\" data-rl_title=\"\" data-rl_caption=\"\" title=\"\"><img loading=\"lazy\" decoding=\"async\" class=\"alignnone wp-image-1113\" src=\"https:\/\/jlggb.net\/blog8\/wp-content\/uploads\/2022\/08\/crepe-carree-20220811-instag-scaled.jpg\" alt=\"\" width=\"640\" height=\"640\" srcset=\"https:\/\/jlggb.net\/blog8\/wp-content\/uploads\/2022\/08\/crepe-carree-20220811-instag-scaled.jpg 2560w, https:\/\/jlggb.net\/blog8\/wp-content\/uploads\/2022\/08\/crepe-carree-20220811-instag-300x300.jpg 300w, https:\/\/jlggb.net\/blog8\/wp-content\/uploads\/2022\/08\/crepe-carree-20220811-instag-1024x1024.jpg 1024w, https:\/\/jlggb.net\/blog8\/wp-content\/uploads\/2022\/08\/crepe-carree-20220811-instag-150x150.jpg 150w, https:\/\/jlggb.net\/blog8\/wp-content\/uploads\/2022\/08\/crepe-carree-20220811-instag-768x768.jpg 768w, https:\/\/jlggb.net\/blog8\/wp-content\/uploads\/2022\/08\/crepe-carree-20220811-instag-1536x1536.jpg 1536w, https:\/\/jlggb.net\/blog8\/wp-content\/uploads\/2022\/08\/crepe-carree-20220811-instag-2048x2048.jpg 2048w\" sizes=\"auto, (max-width: 640px) 100vw, 640px\" \/><\/a><br \/>\nJeudi 11 ao\u00fbt 2022, 13h30, Chamnord, Chamb\u00e9ry, Savoie. La galerie marchande est climatis\u00e9e, on s&rsquo;y attarde par canicule. Le sarrasin est \u00e0 l&rsquo;ordre du jour. La grande cr\u00eape ronde se plie en carr\u00e9 pour s&rsquo;inscrire dans une assiette et pour rejoindre l\u00e9galement le r\u00e9seau social Instagram. Une telle mise \u00e0 plat \u00e9vite le st\u00e9r\u00e9otype.<\/p>\n","protected":false},"excerpt":{"rendered":"<p>Jeudi 11 ao\u00fbt 2022, 13h30, Chamnord, Chamb\u00e9ry, Savoie. La galerie marchande est climatis\u00e9e, on s&rsquo;y attarde par canicule. Le sarrasin est \u00e0 l&rsquo;ordre du jour. La grande cr\u00eape ronde se plie en carr\u00e9 pour s&rsquo;inscrire dans une assiette et pour rejoindre l\u00e9galement le r\u00e9seau social Instagram. Une telle mise \u00e0 plat \u00e9vite le st\u00e9r\u00e9otype.<\/p>\n","protected":false},"author":1,"featured_media":0,"comment_status":"closed","ping_status":"closed","sticky":false,"template":"","format":"standard","meta":{"footnotes":""},"categories":[9,122,28,12],"tags":[11,213,214],"class_list":["post-1112","post","type-post","status-publish","format-standard","hentry","category-collection","category-construction","category-objet","category-reseau","tag-carre","tag-crepe","tag-rond"],"_links":{"self":[{"href":"https:\/\/jlggb.net\/blog8\/wp-json\/wp\/v2\/posts\/1112","targetHints":{"allow":["GET"]}}],"collection":[{"href":"https:\/\/jlggb.net\/blog8\/wp-json\/wp\/v2\/posts"}],"about":[{"href":"https:\/\/jlggb.net\/blog8\/wp-json\/wp\/v2\/types\/post"}],"author":[{"embeddable":true,"href":"https:\/\/jlggb.net\/blog8\/wp-json\/wp\/v2\/users\/1"}],"replies":[{"embeddable":true,"href":"https:\/\/jlggb.net\/blog8\/wp-json\/wp\/v2\/comments?post=1112"}],"version-history":[{"count":9,"href":"https:\/\/jlggb.net\/blog8\/wp-json\/wp\/v2\/posts\/1112\/revisions"}],"predecessor-version":[{"id":2390,"href":"https:\/\/jlggb.net\/blog8\/wp-json\/wp\/v2\/posts\/1112\/revisions\/2390"}],"wp:attachment":[{"href":"https:\/\/jlggb.net\/blog8\/wp-json\/wp\/v2\/media?parent=1112"}],"wp:term":[{"taxonomy":"category","embeddable":true,"href":"https:\/\/jlggb.net\/blog8\/wp-json\/wp\/v2\/categories?post=1112"},{"taxonomy":"post_tag","embeddable":true,"href":"https:\/\/jlggb.net\/blog8\/wp-json\/wp\/v2\/tags?post=1112"}],"curies":[{"name":"wp","href":"https:\/\/api.w.org\/{rel}","templated":true}]}}