{"id":3776,"date":"2021-10-24T14:00:32","date_gmt":"2021-10-24T12:00:32","guid":{"rendered":"http:\/\/jlggb.net\/blog7\/?p=3776"},"modified":"2021-10-26T22:33:00","modified_gmt":"2021-10-26T20:33:00","slug":"la-fleur-dautomne","status":"publish","type":"post","link":"https:\/\/jlggb.net\/blog7\/la-fleur-dautomne\/","title":{"rendered":"La fleur d&rsquo;octobre"},"content":{"rendered":"<p><a href=\"http:\/\/jlggb.net\/blog7\/wp-content\/uploads\/2021\/10\/dahlia-20211024-instagram-scaled.jpg\" data-rel=\"lightbox-image-0\" data-imagelightbox=\"0\" data-rl_title=\"\" data-rl_caption=\"\" title=\"\"><img loading=\"lazy\" decoding=\"async\" src=\"http:\/\/jlggb.net\/blog7\/wp-content\/uploads\/2021\/10\/dahlia-20211024-instagram-scaled.jpg\" alt=\"\" width=\"640\" height=\"640\" class=\"alignnone size-full wp-image-3777\" srcset=\"https:\/\/jlggb.net\/blog7\/wp-content\/uploads\/2021\/10\/dahlia-20211024-instagram-scaled.jpg 2560w, https:\/\/jlggb.net\/blog7\/wp-content\/uploads\/2021\/10\/dahlia-20211024-instagram-1800x1800.jpg 1800w, https:\/\/jlggb.net\/blog7\/wp-content\/uploads\/2021\/10\/dahlia-20211024-instagram-320x320.jpg 320w, https:\/\/jlggb.net\/blog7\/wp-content\/uploads\/2021\/10\/dahlia-20211024-instagram-768x768.jpg 768w, https:\/\/jlggb.net\/blog7\/wp-content\/uploads\/2021\/10\/dahlia-20211024-instagram-1536x1536.jpg 1536w, https:\/\/jlggb.net\/blog7\/wp-content\/uploads\/2021\/10\/dahlia-20211024-instagram-2048x2048.jpg 2048w, https:\/\/jlggb.net\/blog7\/wp-content\/uploads\/2021\/10\/dahlia-20211024-instagram-150x150.jpg 150w\" sizes=\"auto, (max-width: 640px) 100vw, 640px\" \/><\/a><br \/>\nDimanche 24 octobre 2021, 14h, rue de Montreuil, Paris, 11e. La fleur d&rsquo;octobre&nbsp;: mon premier dahlia. La mise en lumi\u00e8re particuli\u00e8re vient du soleil refl\u00e9t\u00e9 par les fen\u00eatres hautes du fond de la cour. La version Instagram va conna\u00eetre un succ\u00e8s inattendu&nbsp;: des regardeurs ordinairement muets sont touch\u00e9s sans en donner la raison.<\/p>\n","protected":false},"excerpt":{"rendered":"<p>Dimanche 24 octobre 2021, 14h, rue de Montreuil, Paris, 11e. La fleur d&rsquo;octobre&nbsp;: mon premier dahlia. La mise en lumi\u00e8re particuli\u00e8re vient du soleil refl\u00e9t\u00e9 par les fen\u00eatres hautes du fond de la cour. La version Instagram va conna\u00eetre un succ\u00e8s inattendu&nbsp;: des regardeurs ordinairement muets sont touch\u00e9s sans en donner la raison.<\/p>\n","protected":false},"author":1,"featured_media":0,"comment_status":"closed","ping_status":"closed","sticky":false,"template":"","format":"standard","meta":{"footnotes":""},"categories":[20,18],"tags":[159,109,421],"class_list":["post-3776","post","type-post","status-publish","format-standard","hentry","category-arriver","category-donner","tag-fleur","tag-lumiere","tag-saison"],"_links":{"self":[{"href":"https:\/\/jlggb.net\/blog7\/wp-json\/wp\/v2\/posts\/3776","targetHints":{"allow":["GET"]}}],"collection":[{"href":"https:\/\/jlggb.net\/blog7\/wp-json\/wp\/v2\/posts"}],"about":[{"href":"https:\/\/jlggb.net\/blog7\/wp-json\/wp\/v2\/types\/post"}],"author":[{"embeddable":true,"href":"https:\/\/jlggb.net\/blog7\/wp-json\/wp\/v2\/users\/1"}],"replies":[{"embeddable":true,"href":"https:\/\/jlggb.net\/blog7\/wp-json\/wp\/v2\/comments?post=3776"}],"version-history":[{"count":4,"href":"https:\/\/jlggb.net\/blog7\/wp-json\/wp\/v2\/posts\/3776\/revisions"}],"predecessor-version":[{"id":3781,"href":"https:\/\/jlggb.net\/blog7\/wp-json\/wp\/v2\/posts\/3776\/revisions\/3781"}],"wp:attachment":[{"href":"https:\/\/jlggb.net\/blog7\/wp-json\/wp\/v2\/media?parent=3776"}],"wp:term":[{"taxonomy":"category","embeddable":true,"href":"https:\/\/jlggb.net\/blog7\/wp-json\/wp\/v2\/categories?post=3776"},{"taxonomy":"post_tag","embeddable":true,"href":"https:\/\/jlggb.net\/blog7\/wp-json\/wp\/v2\/tags?post=3776"}],"curies":[{"name":"wp","href":"https:\/\/api.w.org\/{rel}","templated":true}]}}