{"id":3569,"date":"2021-09-08T18:00:58","date_gmt":"2021-09-08T16:00:58","guid":{"rendered":"http:\/\/jlggb.net\/blog7\/?p=3569"},"modified":"2021-10-13T22:26:16","modified_gmt":"2021-10-13T20:26:16","slug":"lailante-et-son-carbone","status":"publish","type":"post","link":"https:\/\/jlggb.net\/blog7\/lailante-et-son-carbone\/","title":{"rendered":"L&rsquo;ailante et son carbone"},"content":{"rendered":"<p><a href=\"http:\/\/jlggb.net\/blog7\/wp-content\/uploads\/2021\/09\/ailante2-co2-20210908-instagram-scaled.jpg\" data-rel=\"lightbox-image-0\" data-imagelightbox=\"0\" data-rl_title=\"\" data-rl_caption=\"\" title=\"\"><img loading=\"lazy\" decoding=\"async\" class=\"alignnone size-full wp-image-3570\" src=\"http:\/\/jlggb.net\/blog7\/wp-content\/uploads\/2021\/09\/ailante2-co2-20210908-instagram-scaled.jpg\" alt=\"\" width=\"640\" height=\"640\" srcset=\"https:\/\/jlggb.net\/blog7\/wp-content\/uploads\/2021\/09\/ailante2-co2-20210908-instagram-scaled.jpg 2560w, https:\/\/jlggb.net\/blog7\/wp-content\/uploads\/2021\/09\/ailante2-co2-20210908-instagram-1800x1800.jpg 1800w, https:\/\/jlggb.net\/blog7\/wp-content\/uploads\/2021\/09\/ailante2-co2-20210908-instagram-320x320.jpg 320w, https:\/\/jlggb.net\/blog7\/wp-content\/uploads\/2021\/09\/ailante2-co2-20210908-instagram-768x768.jpg 768w, https:\/\/jlggb.net\/blog7\/wp-content\/uploads\/2021\/09\/ailante2-co2-20210908-instagram-1536x1536.jpg 1536w, https:\/\/jlggb.net\/blog7\/wp-content\/uploads\/2021\/09\/ailante2-co2-20210908-instagram-2048x2048.jpg 2048w, https:\/\/jlggb.net\/blog7\/wp-content\/uploads\/2021\/09\/ailante2-co2-20210908-instagram-150x150.jpg 150w\" sizes=\"auto, (max-width: 640px) 100vw, 640px\" \/><\/a><br \/>\nMercredi 8 septembre 2021, 18h, Orto Botanico di Brera, Milan. Ce que ce tr\u00e8s bel ailante a fait \u00e9conomiser en gaz carbonique dans l&rsquo;atmosph\u00e8re, en 75 ann\u00e9es&nbsp;: 18 550 kg. \u00c0\u00a0l&rsquo;occasion de Interni Creative Connections, beaucoup des arbres de l&rsquo;arboretum se sont vus associer ainsi un ballon chiffr\u00e9\u00a0valorisant leur r\u00f4le dans la capture et le stockage du CO2.<\/p>\n","protected":false},"excerpt":{"rendered":"<p>Mercredi 8 septembre 2021, 18h, Orto Botanico di Brera, Milan. Ce que ce tr\u00e8s bel ailante a fait \u00e9conomiser en gaz carbonique dans l&rsquo;atmosph\u00e8re, en 75 ann\u00e9es&nbsp;: 18 550 kg. \u00c0\u00a0l&rsquo;occasion de Interni Creative Connections, beaucoup des arbres de l&rsquo;arboretum se sont vus associer ainsi un ballon chiffr\u00e9\u00a0valorisant leur r\u00f4le dans la capture et le &hellip; <a href=\"https:\/\/jlggb.net\/blog7\/lailante-et-son-carbone\/\" class=\"more-link\">Continuer la lecture de <span class=\"screen-reader-text\">L&rsquo;ailante et son carbone<\/span><\/a><\/p>\n","protected":false},"author":1,"featured_media":0,"comment_status":"closed","ping_status":"closed","sticky":false,"template":"","format":"standard","meta":{"footnotes":""},"categories":[186,17],"tags":[553,114,554],"class_list":["post-3569","post","type-post","status-publish","format-standard","hentry","category-exposer","category-traduire","tag-ailante","tag-arbre","tag-carbone"],"_links":{"self":[{"href":"https:\/\/jlggb.net\/blog7\/wp-json\/wp\/v2\/posts\/3569","targetHints":{"allow":["GET"]}}],"collection":[{"href":"https:\/\/jlggb.net\/blog7\/wp-json\/wp\/v2\/posts"}],"about":[{"href":"https:\/\/jlggb.net\/blog7\/wp-json\/wp\/v2\/types\/post"}],"author":[{"embeddable":true,"href":"https:\/\/jlggb.net\/blog7\/wp-json\/wp\/v2\/users\/1"}],"replies":[{"embeddable":true,"href":"https:\/\/jlggb.net\/blog7\/wp-json\/wp\/v2\/comments?post=3569"}],"version-history":[{"count":7,"href":"https:\/\/jlggb.net\/blog7\/wp-json\/wp\/v2\/posts\/3569\/revisions"}],"predecessor-version":[{"id":3712,"href":"https:\/\/jlggb.net\/blog7\/wp-json\/wp\/v2\/posts\/3569\/revisions\/3712"}],"wp:attachment":[{"href":"https:\/\/jlggb.net\/blog7\/wp-json\/wp\/v2\/media?parent=3569"}],"wp:term":[{"taxonomy":"category","embeddable":true,"href":"https:\/\/jlggb.net\/blog7\/wp-json\/wp\/v2\/categories?post=3569"},{"taxonomy":"post_tag","embeddable":true,"href":"https:\/\/jlggb.net\/blog7\/wp-json\/wp\/v2\/tags?post=3569"}],"curies":[{"name":"wp","href":"https:\/\/api.w.org\/{rel}","templated":true}]}}