{"id":3408,"date":"2021-08-12T15:00:07","date_gmt":"2021-08-12T13:00:07","guid":{"rendered":"http:\/\/jlggb.net\/blog7\/?p=3408"},"modified":"2021-08-16T23:26:31","modified_gmt":"2021-08-16T21:26:31","slug":"mexique","status":"publish","type":"post","link":"https:\/\/jlggb.net\/blog7\/mexique\/","title":{"rendered":"35 si\u00e8cles"},"content":{"rendered":"<p><a href=\"http:\/\/jlggb.net\/blog7\/wp-content\/uploads\/2021\/08\/braly-pot-mexique-recadr-20210812-jlggb-scaled.jpg\" data-rel=\"lightbox-image-0\" data-imagelightbox=\"0\" data-rl_title=\"\" data-rl_caption=\"\" title=\"\"><img loading=\"lazy\" decoding=\"async\" class=\"alignnone wp-image-3409\" src=\"http:\/\/jlggb.net\/blog7\/wp-content\/uploads\/2021\/08\/braly-pot-mexique-recadr-20210812-jlggb-scaled.jpg\" alt=\"\" width=\"640\" height=\"480\" srcset=\"https:\/\/jlggb.net\/blog7\/wp-content\/uploads\/2021\/08\/braly-pot-mexique-recadr-20210812-jlggb-scaled.jpg 2560w, https:\/\/jlggb.net\/blog7\/wp-content\/uploads\/2021\/08\/braly-pot-mexique-recadr-20210812-jlggb-1800x1350.jpg 1800w, https:\/\/jlggb.net\/blog7\/wp-content\/uploads\/2021\/08\/braly-pot-mexique-recadr-20210812-jlggb-768x576.jpg 768w, https:\/\/jlggb.net\/blog7\/wp-content\/uploads\/2021\/08\/braly-pot-mexique-recadr-20210812-jlggb-1536x1152.jpg 1536w, https:\/\/jlggb.net\/blog7\/wp-content\/uploads\/2021\/08\/braly-pot-mexique-recadr-20210812-jlggb-2048x1536.jpg 2048w, https:\/\/jlggb.net\/blog7\/wp-content\/uploads\/2021\/08\/braly-pot-mexique-recadr-20210812-jlggb-150x113.jpg 150w\" sizes=\"auto, (max-width: 640px) 100vw, 640px\" \/><\/a><br \/>\nJeudi 12 ao\u00fbt 2021, 15h, Mus\u00e9e du quai Branly, Paris, 7e.\u00a0Atlas du gobelet&nbsp;: C\u00e9ramique monochrome, Site d\u2019El Manati, \u00c9tat du Veracruz, Mexique, vers 1600 av. notre \u00e8re. Cette superbe couleur orange \u00e9tait cach\u00e9e car les r\u00e9cipients de ce type \u00e9taient recouverts d&rsquo;engobe blanc.<\/p>\n","protected":false},"excerpt":{"rendered":"<p>Jeudi 12 ao\u00fbt 2021, 15h, Mus\u00e9e du quai Branly, Paris, 7e.\u00a0Atlas du gobelet&nbsp;: C\u00e9ramique monochrome, Site d\u2019El Manati, \u00c9tat du Veracruz, Mexique, vers 1600 av. notre \u00e8re. Cette superbe couleur orange \u00e9tait cach\u00e9e car les r\u00e9cipients de ce type \u00e9taient recouverts d&rsquo;engobe blanc.<\/p>\n","protected":false},"author":1,"featured_media":0,"comment_status":"closed","ping_status":"closed","sticky":false,"template":"","format":"standard","meta":{"footnotes":""},"categories":[186,326],"tags":[97,531],"class_list":["post-3408","post","type-post","status-publish","format-standard","hentry","category-exposer","category-memoriser","tag-ceramique","tag-mexique"],"_links":{"self":[{"href":"https:\/\/jlggb.net\/blog7\/wp-json\/wp\/v2\/posts\/3408","targetHints":{"allow":["GET"]}}],"collection":[{"href":"https:\/\/jlggb.net\/blog7\/wp-json\/wp\/v2\/posts"}],"about":[{"href":"https:\/\/jlggb.net\/blog7\/wp-json\/wp\/v2\/types\/post"}],"author":[{"embeddable":true,"href":"https:\/\/jlggb.net\/blog7\/wp-json\/wp\/v2\/users\/1"}],"replies":[{"embeddable":true,"href":"https:\/\/jlggb.net\/blog7\/wp-json\/wp\/v2\/comments?post=3408"}],"version-history":[{"count":8,"href":"https:\/\/jlggb.net\/blog7\/wp-json\/wp\/v2\/posts\/3408\/revisions"}],"predecessor-version":[{"id":3433,"href":"https:\/\/jlggb.net\/blog7\/wp-json\/wp\/v2\/posts\/3408\/revisions\/3433"}],"wp:attachment":[{"href":"https:\/\/jlggb.net\/blog7\/wp-json\/wp\/v2\/media?parent=3408"}],"wp:term":[{"taxonomy":"category","embeddable":true,"href":"https:\/\/jlggb.net\/blog7\/wp-json\/wp\/v2\/categories?post=3408"},{"taxonomy":"post_tag","embeddable":true,"href":"https:\/\/jlggb.net\/blog7\/wp-json\/wp\/v2\/tags?post=3408"}],"curies":[{"name":"wp","href":"https:\/\/api.w.org\/{rel}","templated":true}]}}