{"id":3206,"date":"2021-06-30T15:00:51","date_gmt":"2021-06-30T13:00:51","guid":{"rendered":"http:\/\/jlggb.net\/blog7\/?p=3206"},"modified":"2021-08-24T23:36:02","modified_gmt":"2021-08-24T21:36:02","slug":"lustre-dune-periode","status":"publish","type":"post","link":"https:\/\/jlggb.net\/blog7\/lustre-dune-periode\/","title":{"rendered":"Lustre d&rsquo;une p\u00e9riode"},"content":{"rendered":"<p><a href=\"http:\/\/jlggb.net\/blog7\/wp-content\/uploads\/2021\/08\/vitra-lustre-rda-20210630-jlggb-scaled.jpg\" data-rel=\"lightbox-image-0\" data-imagelightbox=\"0\" data-rl_title=\"\" data-rl_caption=\"\" title=\"\"><img loading=\"lazy\" decoding=\"async\" class=\"alignnone size-full wp-image-3207\" src=\"http:\/\/jlggb.net\/blog7\/wp-content\/uploads\/2021\/08\/vitra-lustre-rda-20210630-jlggb-scaled.jpg\" alt=\"\" width=\"640\" height=\"480\" srcset=\"https:\/\/jlggb.net\/blog7\/wp-content\/uploads\/2021\/08\/vitra-lustre-rda-20210630-jlggb-scaled.jpg 2560w, https:\/\/jlggb.net\/blog7\/wp-content\/uploads\/2021\/08\/vitra-lustre-rda-20210630-jlggb-1800x1350.jpg 1800w, https:\/\/jlggb.net\/blog7\/wp-content\/uploads\/2021\/08\/vitra-lustre-rda-20210630-jlggb-768x576.jpg 768w, https:\/\/jlggb.net\/blog7\/wp-content\/uploads\/2021\/08\/vitra-lustre-rda-20210630-jlggb-1536x1152.jpg 1536w, https:\/\/jlggb.net\/blog7\/wp-content\/uploads\/2021\/08\/vitra-lustre-rda-20210630-jlggb-2048x1536.jpg 2048w, https:\/\/jlggb.net\/blog7\/wp-content\/uploads\/2021\/08\/vitra-lustre-rda-20210630-jlggb-150x113.jpg 150w\" sizes=\"auto, (max-width: 640px) 100vw, 640px\" \/><\/a><br \/>\nMercredi 30 juin 2021, 15h, Vitra, Weil am Rhein (B\u00e2le). Dans l&rsquo;exposition \u00ab\u00a0Deutsches Design 1949-1989, Zwei L\u00e4nder, eine Geschichte\u00a0\u00bb,\u00a0Peter Beyer et Martin Helm (conception), Peter Rokel et collectif de d\u00e9veloppement (design d\u00e9taill\u00e9), <em>Syst\u00e8me d&rsquo;\u00e9clairage \u00e0 tiges avec lampes sph\u00e9riques<\/em>, VEB Narva Rosa Luxemburg, Leuchtenbau Leipzig im Kombinat Leuchtenbau. Cet \u00e9clairage \u00e9tait un \u00e9l\u00e9ment architectural adaptable aux divers espaces du Palais de la R\u00e9publique \u00e0 Berlin Est. Si\u00e8ge du parlement de la RDA et centre de culture et de rencontre, il fut inaugur\u00e9 en 1976 \u00e0 l&#8217;emplacement du Ch\u00e2teau de Berlin, largement endommag\u00e9 par la guerre et d\u00e9truit en 1950. Le palais moderne a \u00e9t\u00e9 lui-m\u00eame d\u00e9truit entre 2006 et 2008 pour la reconstruction \u00e0 l&rsquo;identique de l&rsquo;ancien ch\u00e2teau qui devait s&rsquo;achever en 2020 comme centre d&rsquo;affaires et de tourisme.<\/p>\n","protected":false},"excerpt":{"rendered":"<p>Mercredi 30 juin 2021, 15h, Vitra, Weil am Rhein (B\u00e2le). Dans l&rsquo;exposition \u00ab\u00a0Deutsches Design 1949-1989, Zwei L\u00e4nder, eine Geschichte\u00a0\u00bb,\u00a0Peter Beyer et Martin Helm (conception), Peter Rokel et collectif de d\u00e9veloppement (design d\u00e9taill\u00e9), Syst\u00e8me d&rsquo;\u00e9clairage \u00e0 tiges avec lampes sph\u00e9riques, VEB Narva Rosa Luxemburg, Leuchtenbau Leipzig im Kombinat Leuchtenbau. Cet \u00e9clairage \u00e9tait un \u00e9l\u00e9ment architectural adaptable &hellip; <a href=\"https:\/\/jlggb.net\/blog7\/lustre-dune-periode\/\" class=\"more-link\">Continuer la lecture de <span class=\"screen-reader-text\">Lustre d&rsquo;une p\u00e9riode<\/span><\/a><\/p>\n","protected":false},"author":1,"featured_media":0,"comment_status":"closed","ping_status":"closed","sticky":false,"template":"","format":"standard","meta":{"footnotes":""},"categories":[545,210,186,326],"tags":[513,468,245,512],"class_list":["post-3206","post","type-post","status-publish","format-standard","hentry","category-changer","category-construire","category-exposer","category-memoriser","tag-berlin","tag-histoire","tag-monument","tag-palast-der-republik"],"_links":{"self":[{"href":"https:\/\/jlggb.net\/blog7\/wp-json\/wp\/v2\/posts\/3206","targetHints":{"allow":["GET"]}}],"collection":[{"href":"https:\/\/jlggb.net\/blog7\/wp-json\/wp\/v2\/posts"}],"about":[{"href":"https:\/\/jlggb.net\/blog7\/wp-json\/wp\/v2\/types\/post"}],"author":[{"embeddable":true,"href":"https:\/\/jlggb.net\/blog7\/wp-json\/wp\/v2\/users\/1"}],"replies":[{"embeddable":true,"href":"https:\/\/jlggb.net\/blog7\/wp-json\/wp\/v2\/comments?post=3206"}],"version-history":[{"count":12,"href":"https:\/\/jlggb.net\/blog7\/wp-json\/wp\/v2\/posts\/3206\/revisions"}],"predecessor-version":[{"id":3220,"href":"https:\/\/jlggb.net\/blog7\/wp-json\/wp\/v2\/posts\/3206\/revisions\/3220"}],"wp:attachment":[{"href":"https:\/\/jlggb.net\/blog7\/wp-json\/wp\/v2\/media?parent=3206"}],"wp:term":[{"taxonomy":"category","embeddable":true,"href":"https:\/\/jlggb.net\/blog7\/wp-json\/wp\/v2\/categories?post=3206"},{"taxonomy":"post_tag","embeddable":true,"href":"https:\/\/jlggb.net\/blog7\/wp-json\/wp\/v2\/tags?post=3206"}],"curies":[{"name":"wp","href":"https:\/\/api.w.org\/{rel}","templated":true}]}}