{"id":2898,"date":"2021-06-29T17:30:24","date_gmt":"2021-06-29T15:30:24","guid":{"rendered":"http:\/\/jlggb.net\/blog7\/?p=2898"},"modified":"2021-07-19T22:33:43","modified_gmt":"2021-07-19T20:33:43","slug":"chute-de-neige","status":"publish","type":"post","link":"https:\/\/jlggb.net\/blog7\/chute-de-neige\/","title":{"rendered":"Chute de neige"},"content":{"rendered":"<p><a href=\"http:\/\/jlggb.net\/blog7\/wp-content\/uploads\/2021\/07\/beuys-neige-bale-20210629-jlggb-scaled.jpg\" data-rel=\"lightbox-image-0\" data-imagelightbox=\"0\" data-rl_title=\"\" data-rl_caption=\"\" title=\"\"><img loading=\"lazy\" decoding=\"async\" src=\"http:\/\/jlggb.net\/blog7\/wp-content\/uploads\/2021\/07\/beuys-neige-bale-20210629-jlggb-scaled.jpg\" alt=\"\" width=\"640\" height=\"480\" class=\"alignnone size-full wp-image-2899\" srcset=\"https:\/\/jlggb.net\/blog7\/wp-content\/uploads\/2021\/07\/beuys-neige-bale-20210629-jlggb-scaled.jpg 2560w, https:\/\/jlggb.net\/blog7\/wp-content\/uploads\/2021\/07\/beuys-neige-bale-20210629-jlggb-640x480.jpg 640w, https:\/\/jlggb.net\/blog7\/wp-content\/uploads\/2021\/07\/beuys-neige-bale-20210629-jlggb-768x576.jpg 768w, https:\/\/jlggb.net\/blog7\/wp-content\/uploads\/2021\/07\/beuys-neige-bale-20210629-jlggb-1536x1152.jpg 1536w, https:\/\/jlggb.net\/blog7\/wp-content\/uploads\/2021\/07\/beuys-neige-bale-20210629-jlggb-2048x1536.jpg 2048w, https:\/\/jlggb.net\/blog7\/wp-content\/uploads\/2021\/07\/beuys-neige-bale-20210629-jlggb-150x113.jpg 150w\" sizes=\"auto, (max-width: 640px) 100vw, 640px\" \/><\/a><br \/>\nMardi 29 juin 2021, 17h30, Kunstmuseum, B\u00e2le. Joseph Beuys, <em>Schneefall<\/em> (Chute de neige), 1965, 32 couvertures de feutre sur 3 branches de sapin, Emanuel Hoffmann-Stiftung, d\u00e9p\u00f4t dans la collection d&rsquo;art public de B\u00e2le, 1970. La neige fait partie du r\u00e9pertoire de Beuys, on sait qu&rsquo;elle figure par des carr\u00e9s de feutre et leur r\u00e9f\u00e9rence mythologique \u00e0 son sauvetage durant la guerre. Mais elle est concr\u00e8tement ressentie par sa fa\u00e7on de se courber en adoucissant les reliefs. On peut percevoir encore l&rsquo;industrie pharmaceutique dont nous sommes dans la capitale et sa fa\u00e7on de milliardaire de couvrir les in\u00e9galit\u00e9s.<\/p>\n","protected":false},"excerpt":{"rendered":"<p>Mardi 29 juin 2021, 17h30, Kunstmuseum, B\u00e2le. Joseph Beuys, Schneefall (Chute de neige), 1965, 32 couvertures de feutre sur 3 branches de sapin, Emanuel Hoffmann-Stiftung, d\u00e9p\u00f4t dans la collection d&rsquo;art public de B\u00e2le, 1970. La neige fait partie du r\u00e9pertoire de Beuys, on sait qu&rsquo;elle figure par des carr\u00e9s de feutre et leur r\u00e9f\u00e9rence mythologique &hellip; <a href=\"https:\/\/jlggb.net\/blog7\/chute-de-neige\/\" class=\"more-link\">Continuer la lecture de <span class=\"screen-reader-text\">Chute de neige<\/span><\/a><\/p>\n","protected":false},"author":1,"featured_media":0,"comment_status":"closed","ping_status":"closed","sticky":false,"template":"","format":"standard","meta":{"footnotes":""},"categories":[210,30],"tags":[482,483,280],"class_list":["post-2898","post","type-post","status-publish","format-standard","hentry","category-construire","category-figurer","tag-beus","tag-feutre","tag-roche"],"_links":{"self":[{"href":"https:\/\/jlggb.net\/blog7\/wp-json\/wp\/v2\/posts\/2898","targetHints":{"allow":["GET"]}}],"collection":[{"href":"https:\/\/jlggb.net\/blog7\/wp-json\/wp\/v2\/posts"}],"about":[{"href":"https:\/\/jlggb.net\/blog7\/wp-json\/wp\/v2\/types\/post"}],"author":[{"embeddable":true,"href":"https:\/\/jlggb.net\/blog7\/wp-json\/wp\/v2\/users\/1"}],"replies":[{"embeddable":true,"href":"https:\/\/jlggb.net\/blog7\/wp-json\/wp\/v2\/comments?post=2898"}],"version-history":[{"count":9,"href":"https:\/\/jlggb.net\/blog7\/wp-json\/wp\/v2\/posts\/2898\/revisions"}],"predecessor-version":[{"id":2936,"href":"https:\/\/jlggb.net\/blog7\/wp-json\/wp\/v2\/posts\/2898\/revisions\/2936"}],"wp:attachment":[{"href":"https:\/\/jlggb.net\/blog7\/wp-json\/wp\/v2\/media?parent=2898"}],"wp:term":[{"taxonomy":"category","embeddable":true,"href":"https:\/\/jlggb.net\/blog7\/wp-json\/wp\/v2\/categories?post=2898"},{"taxonomy":"post_tag","embeddable":true,"href":"https:\/\/jlggb.net\/blog7\/wp-json\/wp\/v2\/tags?post=2898"}],"curies":[{"name":"wp","href":"https:\/\/api.w.org\/{rel}","templated":true}]}}