{"id":2815,"date":"2021-06-23T17:00:41","date_gmt":"2021-06-23T15:00:41","guid":{"rendered":"http:\/\/jlggb.net\/blog7\/?p=2815"},"modified":"2021-06-28T00:10:53","modified_gmt":"2021-06-27T22:10:53","slug":"le-tilleul-et-son-ciel","status":"publish","type":"post","link":"https:\/\/jlggb.net\/blog7\/le-tilleul-et-son-ciel\/","title":{"rendered":"Tilleul de l&rsquo;\u00e9ther"},"content":{"rendered":"<p><a href=\"http:\/\/jlggb.net\/blog7\/wp-content\/uploads\/2021\/06\/tilleuil-ariana-20210623-insta-scaled.jpg\" data-rel=\"lightbox-image-0\" data-imagelightbox=\"0\" data-rl_title=\"\" data-rl_caption=\"\" title=\"\"><img loading=\"lazy\" decoding=\"async\" class=\"alignnone size-full wp-image-2816\" src=\"http:\/\/jlggb.net\/blog7\/wp-content\/uploads\/2021\/06\/tilleuil-ariana-20210623-insta-scaled.jpg\" alt=\"\" width=\"640\" height=\"640\" srcset=\"https:\/\/jlggb.net\/blog7\/wp-content\/uploads\/2021\/06\/tilleuil-ariana-20210623-insta-scaled.jpg 2560w, https:\/\/jlggb.net\/blog7\/wp-content\/uploads\/2021\/06\/tilleuil-ariana-20210623-insta-640x640.jpg 640w, https:\/\/jlggb.net\/blog7\/wp-content\/uploads\/2021\/06\/tilleuil-ariana-20210623-insta-320x320.jpg 320w, https:\/\/jlggb.net\/blog7\/wp-content\/uploads\/2021\/06\/tilleuil-ariana-20210623-insta-768x768.jpg 768w, https:\/\/jlggb.net\/blog7\/wp-content\/uploads\/2021\/06\/tilleuil-ariana-20210623-insta-1536x1536.jpg 1536w, https:\/\/jlggb.net\/blog7\/wp-content\/uploads\/2021\/06\/tilleuil-ariana-20210623-insta-2048x2048.jpg 2048w, https:\/\/jlggb.net\/blog7\/wp-content\/uploads\/2021\/06\/tilleuil-ariana-20210623-insta-150x150.jpg 150w\" sizes=\"auto, (max-width: 640px) 100vw, 640px\" \/><\/a><br \/>\nMercredi 23 juin 2021, 17h, parc du mus\u00e9e Ariana, Gen\u00e8ve. Le spleen pr\u00e9c\u00e8de le parfum qui lui-m\u00eame parle avant les fleurs \u00e0 toucher. La stature r\u00e9pond aux ram\u00e9es de nuages. Voir \u00ab\u00a0L&rsquo;odeur du tilleul\u00a0\u00bb, <a href=\"http:\/\/jlggb.net\/blog2\/?p=5448\" target=\"_blank\" rel=\"noopener\">http:\/\/jlggb.net\/blog2\/?p=5448<\/a>.<\/p>\n","protected":false},"excerpt":{"rendered":"<p>Mercredi 23 juin 2021, 17h, parc du mus\u00e9e Ariana, Gen\u00e8ve. Le spleen pr\u00e9c\u00e8de le parfum qui lui-m\u00eame parle avant les fleurs \u00e0 toucher. La stature r\u00e9pond aux ram\u00e9es de nuages. Voir \u00ab\u00a0L&rsquo;odeur du tilleul\u00a0\u00bb, http:\/\/jlggb.net\/blog2\/?p=5448.<\/p>\n","protected":false},"author":1,"featured_media":0,"comment_status":"closed","ping_status":"closed","sticky":false,"template":"","format":"standard","meta":{"footnotes":""},"categories":[30,19],"tags":[114,276,28,277],"class_list":["post-2815","post","type-post","status-publish","format-standard","hentry","category-figurer","category-revenir","tag-arbre","tag-ciel","tag-musee","tag-nuage"],"_links":{"self":[{"href":"https:\/\/jlggb.net\/blog7\/wp-json\/wp\/v2\/posts\/2815","targetHints":{"allow":["GET"]}}],"collection":[{"href":"https:\/\/jlggb.net\/blog7\/wp-json\/wp\/v2\/posts"}],"about":[{"href":"https:\/\/jlggb.net\/blog7\/wp-json\/wp\/v2\/types\/post"}],"author":[{"embeddable":true,"href":"https:\/\/jlggb.net\/blog7\/wp-json\/wp\/v2\/users\/1"}],"replies":[{"embeddable":true,"href":"https:\/\/jlggb.net\/blog7\/wp-json\/wp\/v2\/comments?post=2815"}],"version-history":[{"count":12,"href":"https:\/\/jlggb.net\/blog7\/wp-json\/wp\/v2\/posts\/2815\/revisions"}],"predecessor-version":[{"id":2837,"href":"https:\/\/jlggb.net\/blog7\/wp-json\/wp\/v2\/posts\/2815\/revisions\/2837"}],"wp:attachment":[{"href":"https:\/\/jlggb.net\/blog7\/wp-json\/wp\/v2\/media?parent=2815"}],"wp:term":[{"taxonomy":"category","embeddable":true,"href":"https:\/\/jlggb.net\/blog7\/wp-json\/wp\/v2\/categories?post=2815"},{"taxonomy":"post_tag","embeddable":true,"href":"https:\/\/jlggb.net\/blog7\/wp-json\/wp\/v2\/tags?post=2815"}],"curies":[{"name":"wp","href":"https:\/\/api.w.org\/{rel}","templated":true}]}}