{"id":2667,"date":"2021-05-18T10:00:33","date_gmt":"2021-05-18T08:00:33","guid":{"rendered":"http:\/\/jlggb.net\/blog7\/?p=2667"},"modified":"2021-08-24T23:37:29","modified_gmt":"2021-08-24T21:37:29","slug":"sur-le-depart","status":"publish","type":"post","link":"https:\/\/jlggb.net\/blog7\/sur-le-depart\/","title":{"rendered":"Sur le d\u00e9part"},"content":{"rendered":"<p><a href=\"http:\/\/jlggb.net\/blog7\/wp-content\/uploads\/2021\/05\/depart-aix-20210518-jlggb-scaled.jpg\" data-rel=\"lightbox-image-0\" data-imagelightbox=\"0\" data-rl_title=\"\" data-rl_caption=\"\" title=\"\"><img loading=\"lazy\" decoding=\"async\" src=\"http:\/\/jlggb.net\/blog7\/wp-content\/uploads\/2021\/05\/depart-aix-20210518-jlggb-scaled.jpg\" alt=\"\" width=\"640\" height=\"480\" class=\"alignnone size-full wp-image-2668\" srcset=\"https:\/\/jlggb.net\/blog7\/wp-content\/uploads\/2021\/05\/depart-aix-20210518-jlggb-scaled.jpg 2560w, https:\/\/jlggb.net\/blog7\/wp-content\/uploads\/2021\/05\/depart-aix-20210518-jlggb-640x480.jpg 640w, https:\/\/jlggb.net\/blog7\/wp-content\/uploads\/2021\/05\/depart-aix-20210518-jlggb-768x576.jpg 768w, https:\/\/jlggb.net\/blog7\/wp-content\/uploads\/2021\/05\/depart-aix-20210518-jlggb-1536x1152.jpg 1536w, https:\/\/jlggb.net\/blog7\/wp-content\/uploads\/2021\/05\/depart-aix-20210518-jlggb-2048x1536.jpg 2048w, https:\/\/jlggb.net\/blog7\/wp-content\/uploads\/2021\/05\/depart-aix-20210518-jlggb-150x113.jpg 150w\" sizes=\"auto, (max-width: 640px) 100vw, 640px\" \/><\/a><br \/>\nMardi 18 mai 2021, 10h, gare d&rsquo;Aix-les-Bains. \u00c9pisode de l&rsquo;Atlas du gobelet&nbsp;: prendre un caf\u00e9 \u00e0 la terrasse est aujourd&rsquo;hui \u00e0 l&rsquo;ordre du jour&nbsp;; avoir un caf\u00e9 portatif sur le quai de d\u00e9part en est la version agissante.<\/p>\n","protected":false},"excerpt":{"rendered":"<p>Mardi 18 mai 2021, 10h, gare d&rsquo;Aix-les-Bains. \u00c9pisode de l&rsquo;Atlas du gobelet&nbsp;: prendre un caf\u00e9 \u00e0 la terrasse est aujourd&rsquo;hui \u00e0 l&rsquo;ordre du jour&nbsp;; avoir un caf\u00e9 portatif sur le quai de d\u00e9part en est la version agissante.<\/p>\n","protected":false},"author":1,"featured_media":0,"comment_status":"closed","ping_status":"closed","sticky":false,"template":"","format":"standard","meta":{"footnotes":""},"categories":[545,126],"tags":[320,70],"class_list":["post-2667","post","type-post","status-publish","format-standard","hentry","category-changer","category-sortir","tag-cafe","tag-gobelet"],"_links":{"self":[{"href":"https:\/\/jlggb.net\/blog7\/wp-json\/wp\/v2\/posts\/2667","targetHints":{"allow":["GET"]}}],"collection":[{"href":"https:\/\/jlggb.net\/blog7\/wp-json\/wp\/v2\/posts"}],"about":[{"href":"https:\/\/jlggb.net\/blog7\/wp-json\/wp\/v2\/types\/post"}],"author":[{"embeddable":true,"href":"https:\/\/jlggb.net\/blog7\/wp-json\/wp\/v2\/users\/1"}],"replies":[{"embeddable":true,"href":"https:\/\/jlggb.net\/blog7\/wp-json\/wp\/v2\/comments?post=2667"}],"version-history":[{"count":4,"href":"https:\/\/jlggb.net\/blog7\/wp-json\/wp\/v2\/posts\/2667\/revisions"}],"predecessor-version":[{"id":2678,"href":"https:\/\/jlggb.net\/blog7\/wp-json\/wp\/v2\/posts\/2667\/revisions\/2678"}],"wp:attachment":[{"href":"https:\/\/jlggb.net\/blog7\/wp-json\/wp\/v2\/media?parent=2667"}],"wp:term":[{"taxonomy":"category","embeddable":true,"href":"https:\/\/jlggb.net\/blog7\/wp-json\/wp\/v2\/categories?post=2667"},{"taxonomy":"post_tag","embeddable":true,"href":"https:\/\/jlggb.net\/blog7\/wp-json\/wp\/v2\/tags?post=2667"}],"curies":[{"name":"wp","href":"https:\/\/api.w.org\/{rel}","templated":true}]}}