{"id":2164,"date":"2021-01-31T19:30:03","date_gmt":"2021-01-31T18:30:03","guid":{"rendered":"http:\/\/jlggb.net\/blog7\/?p=2164"},"modified":"2021-02-11T01:12:25","modified_gmt":"2021-02-11T00:12:25","slug":"coup-de-chaleur","status":"publish","type":"post","link":"https:\/\/jlggb.net\/blog7\/coup-de-chaleur\/","title":{"rendered":"Remplacer (Vie des objets. Ch. 96)"},"content":{"rendered":"<p><a href=\"http:\/\/jlggb.net\/blog7\/wp-content\/uploads\/2021\/01\/orleans-20210131-jlggb-scaled.jpg\" data-rel=\"lightbox-image-0\" data-imagelightbox=\"0\" data-rl_title=\"\" data-rl_caption=\"\" title=\"\"><img loading=\"lazy\" decoding=\"async\" src=\"http:\/\/jlggb.net\/blog7\/wp-content\/uploads\/2021\/01\/orleans-20210131-jlggb-scaled.jpg\" alt=\"\" width=\"640\" height=\"480\" class=\"alignnone size-full wp-image-2194\" srcset=\"https:\/\/jlggb.net\/blog7\/wp-content\/uploads\/2021\/01\/orleans-20210131-jlggb-scaled.jpg 2560w, https:\/\/jlggb.net\/blog7\/wp-content\/uploads\/2021\/01\/orleans-20210131-jlggb-640x480.jpg 640w, https:\/\/jlggb.net\/blog7\/wp-content\/uploads\/2021\/01\/orleans-20210131-jlggb-768x576.jpg 768w, https:\/\/jlggb.net\/blog7\/wp-content\/uploads\/2021\/01\/orleans-20210131-jlggb-1536x1152.jpg 1536w, https:\/\/jlggb.net\/blog7\/wp-content\/uploads\/2021\/01\/orleans-20210131-jlggb-2048x1536.jpg 2048w, https:\/\/jlggb.net\/blog7\/wp-content\/uploads\/2021\/01\/orleans-20210131-jlggb-150x113.jpg 150w\" sizes=\"auto, (max-width: 640px) 100vw, 640px\" \/><\/a><br \/>\nDimanche 31 janvier 2021, 19h30, Aix-les-Bains. Un simple reste, trois choux de Bruxelles, dans une assiette au bel anneau bleu, une assiette \u00e0 dessert Villeroy &#038; Boch \u2014 Mettlach, Made in France-Saar Economic Union \u2014 de la s\u00e9rie Orl\u00e9ans, devait \u00eatre r\u00e9chauff\u00e9. Le micro-ondes est mordant, il lui faut de l&rsquo;eau, il n&rsquo;y en avait pas. Elle venait, avec cinq autres, des puces de Plainpalais \u00e0 Gen\u00e8ve, en ao\u00fbt 2019. Pour 4 euros, une rempla\u00e7ante a \u00e9t\u00e9 trouv\u00e9e sur eBay. Elle arrivera dans moins d&rsquo;une semaine de La Charit\u00e9 sur Loire, dans la Ni\u00e8vre. M\u00e9rites du vintage.<\/p>\n","protected":false},"excerpt":{"rendered":"<p>Dimanche 31 janvier 2021, 19h30, Aix-les-Bains. Un simple reste, trois choux de Bruxelles, dans une assiette au bel anneau bleu, une assiette \u00e0 dessert Villeroy &#038; Boch \u2014 Mettlach, Made in France-Saar Economic Union \u2014 de la s\u00e9rie Orl\u00e9ans, devait \u00eatre r\u00e9chauff\u00e9. Le micro-ondes est mordant, il lui faut de l&rsquo;eau, il n&rsquo;y en avait &hellip; <a href=\"https:\/\/jlggb.net\/blog7\/coup-de-chaleur\/\" class=\"more-link\">Continuer la lecture de <span class=\"screen-reader-text\">Remplacer (Vie des objets. Ch. 96)<\/span><\/a><\/p>\n","protected":false},"author":1,"featured_media":0,"comment_status":"closed","ping_status":"closed","sticky":false,"template":"","format":"standard","meta":{"footnotes":""},"categories":[67,98],"tags":[381,106,382],"class_list":["post-2164","post","type-post","status-publish","format-standard","hentry","category-collecter","category-raconter","tag-assiette","tag-bleu","tag-chaleur"],"_links":{"self":[{"href":"https:\/\/jlggb.net\/blog7\/wp-json\/wp\/v2\/posts\/2164","targetHints":{"allow":["GET"]}}],"collection":[{"href":"https:\/\/jlggb.net\/blog7\/wp-json\/wp\/v2\/posts"}],"about":[{"href":"https:\/\/jlggb.net\/blog7\/wp-json\/wp\/v2\/types\/post"}],"author":[{"embeddable":true,"href":"https:\/\/jlggb.net\/blog7\/wp-json\/wp\/v2\/users\/1"}],"replies":[{"embeddable":true,"href":"https:\/\/jlggb.net\/blog7\/wp-json\/wp\/v2\/comments?post=2164"}],"version-history":[{"count":16,"href":"https:\/\/jlggb.net\/blog7\/wp-json\/wp\/v2\/posts\/2164\/revisions"}],"predecessor-version":[{"id":2219,"href":"https:\/\/jlggb.net\/blog7\/wp-json\/wp\/v2\/posts\/2164\/revisions\/2219"}],"wp:attachment":[{"href":"https:\/\/jlggb.net\/blog7\/wp-json\/wp\/v2\/media?parent=2164"}],"wp:term":[{"taxonomy":"category","embeddable":true,"href":"https:\/\/jlggb.net\/blog7\/wp-json\/wp\/v2\/categories?post=2164"},{"taxonomy":"post_tag","embeddable":true,"href":"https:\/\/jlggb.net\/blog7\/wp-json\/wp\/v2\/tags?post=2164"}],"curies":[{"name":"wp","href":"https:\/\/api.w.org\/{rel}","templated":true}]}}