{"id":2117,"date":"2021-01-28T22:00:41","date_gmt":"2021-01-28T21:00:41","guid":{"rendered":"http:\/\/jlggb.net\/blog7\/?p=2117"},"modified":"2021-02-04T10:17:54","modified_gmt":"2021-02-04T09:17:54","slug":"son-regard-frontal","status":"publish","type":"post","link":"https:\/\/jlggb.net\/blog7\/son-regard-frontal\/","title":{"rendered":"Son regard frontal"},"content":{"rendered":"<p><a href=\"http:\/\/jlggb.net\/blog7\/wp-content\/uploads\/2021\/01\/lil-cadre-ordi-20210130-03-jlggb-scaled.jpg\" data-rel=\"lightbox-image-0\" data-imagelightbox=\"0\" data-rl_title=\"\" data-rl_caption=\"\" title=\"\"><img loading=\"lazy\" decoding=\"async\" src=\"http:\/\/jlggb.net\/blog7\/wp-content\/uploads\/2021\/01\/lil-cadre-ordi-20210130-03-jlggb-scaled.jpg\" alt=\"\" width=\"640\" height=\"480\" class=\"alignnone size-full wp-image-2119\" srcset=\"https:\/\/jlggb.net\/blog7\/wp-content\/uploads\/2021\/01\/lil-cadre-ordi-20210130-03-jlggb-scaled.jpg 2560w, https:\/\/jlggb.net\/blog7\/wp-content\/uploads\/2021\/01\/lil-cadre-ordi-20210130-03-jlggb-640x480.jpg 640w, https:\/\/jlggb.net\/blog7\/wp-content\/uploads\/2021\/01\/lil-cadre-ordi-20210130-03-jlggb-768x576.jpg 768w, https:\/\/jlggb.net\/blog7\/wp-content\/uploads\/2021\/01\/lil-cadre-ordi-20210130-03-jlggb-1536x1152.jpg 1536w, https:\/\/jlggb.net\/blog7\/wp-content\/uploads\/2021\/01\/lil-cadre-ordi-20210130-03-jlggb-2048x1536.jpg 2048w, https:\/\/jlggb.net\/blog7\/wp-content\/uploads\/2021\/01\/lil-cadre-ordi-20210130-03-jlggb-150x113.jpg 150w\" sizes=\"auto, (max-width: 640px) 100vw, 640px\" \/><\/a><br \/>\nJeudi 28 janvier 2021, 22h. Son portrait a trouv\u00e9 depuis plusieurs ann\u00e9es un cadre qui lui permet de rester visible, d&rsquo;exercer le regard qui, le 15 juillet 1983 se fixa dans l&rsquo;objectif. C&rsquo;\u00e9tait l&rsquo;inauguration de l&rsquo;objectif r\u00e9put\u00e9 pour les portraits, le 105 mm du Nikon F2, premier appareil \u00e0 inscrire la date dans la pellicule. Il se v\u00e9rifie qu&rsquo;une fois saisi, un tel angle du regard persiste, quelle que soit la perspective qui d\u00e9crit l&rsquo;objet photographique.<\/p>\n","protected":false},"excerpt":{"rendered":"<p>Jeudi 28 janvier 2021, 22h. Son portrait a trouv\u00e9 depuis plusieurs ann\u00e9es un cadre qui lui permet de rester visible, d&rsquo;exercer le regard qui, le 15 juillet 1983 se fixa dans l&rsquo;objectif. C&rsquo;\u00e9tait l&rsquo;inauguration de l&rsquo;objectif r\u00e9put\u00e9 pour les portraits, le 105 mm du Nikon F2, premier appareil \u00e0 inscrire la date dans la pellicule. &hellip; <a href=\"https:\/\/jlggb.net\/blog7\/son-regard-frontal\/\" class=\"more-link\">Continuer la lecture de <span class=\"screen-reader-text\">Son regard frontal<\/span><\/a><\/p>\n","protected":false},"author":1,"featured_media":0,"comment_status":"closed","ping_status":"closed","sticky":false,"template":"","format":"standard","meta":{"footnotes":""},"categories":[305,30],"tags":[71,273,292,377],"class_list":["post-2117","post","type-post","status-publish","format-standard","hentry","category-enregistrer","category-figurer","tag-date","tag-photographie","tag-portrait","tag-regard"],"_links":{"self":[{"href":"https:\/\/jlggb.net\/blog7\/wp-json\/wp\/v2\/posts\/2117","targetHints":{"allow":["GET"]}}],"collection":[{"href":"https:\/\/jlggb.net\/blog7\/wp-json\/wp\/v2\/posts"}],"about":[{"href":"https:\/\/jlggb.net\/blog7\/wp-json\/wp\/v2\/types\/post"}],"author":[{"embeddable":true,"href":"https:\/\/jlggb.net\/blog7\/wp-json\/wp\/v2\/users\/1"}],"replies":[{"embeddable":true,"href":"https:\/\/jlggb.net\/blog7\/wp-json\/wp\/v2\/comments?post=2117"}],"version-history":[{"count":14,"href":"https:\/\/jlggb.net\/blog7\/wp-json\/wp\/v2\/posts\/2117\/revisions"}],"predecessor-version":[{"id":2145,"href":"https:\/\/jlggb.net\/blog7\/wp-json\/wp\/v2\/posts\/2117\/revisions\/2145"}],"wp:attachment":[{"href":"https:\/\/jlggb.net\/blog7\/wp-json\/wp\/v2\/media?parent=2117"}],"wp:term":[{"taxonomy":"category","embeddable":true,"href":"https:\/\/jlggb.net\/blog7\/wp-json\/wp\/v2\/categories?post=2117"},{"taxonomy":"post_tag","embeddable":true,"href":"https:\/\/jlggb.net\/blog7\/wp-json\/wp\/v2\/tags?post=2117"}],"curies":[{"name":"wp","href":"https:\/\/api.w.org\/{rel}","templated":true}]}}