{"id":1709,"date":"2020-12-02T14:00:02","date_gmt":"2020-12-02T13:00:02","guid":{"rendered":"http:\/\/jlggb.net\/blog7\/?p=1709"},"modified":"2020-12-04T23:54:27","modified_gmt":"2020-12-04T22:54:27","slug":"cafe-confine","status":"publish","type":"post","link":"https:\/\/jlggb.net\/blog7\/cafe-confine\/","title":{"rendered":"Caf\u00e9 dehors"},"content":{"rendered":"<p><a href=\"http:\/\/jlggb.net\/blog7\/wp-content\/uploads\/2020\/12\/gobelet-mur-20201202-jlggb-scaled.jpg\" data-rel=\"lightbox-image-0\" data-imagelightbox=\"0\" data-rl_title=\"\" data-rl_caption=\"\" title=\"\"><img loading=\"lazy\" decoding=\"async\" src=\"http:\/\/jlggb.net\/blog7\/wp-content\/uploads\/2020\/12\/gobelet-mur-20201202-jlggb-scaled.jpg\" alt=\"\" width=\"640\" height=\"480\" class=\"alignnone size-full wp-image-1710\" srcset=\"https:\/\/jlggb.net\/blog7\/wp-content\/uploads\/2020\/12\/gobelet-mur-20201202-jlggb-scaled.jpg 2560w, https:\/\/jlggb.net\/blog7\/wp-content\/uploads\/2020\/12\/gobelet-mur-20201202-jlggb-300x225.jpg 300w, https:\/\/jlggb.net\/blog7\/wp-content\/uploads\/2020\/12\/gobelet-mur-20201202-jlggb-1024x768.jpg 1024w, https:\/\/jlggb.net\/blog7\/wp-content\/uploads\/2020\/12\/gobelet-mur-20201202-jlggb-768x576.jpg 768w, https:\/\/jlggb.net\/blog7\/wp-content\/uploads\/2020\/12\/gobelet-mur-20201202-jlggb-1536x1152.jpg 1536w, https:\/\/jlggb.net\/blog7\/wp-content\/uploads\/2020\/12\/gobelet-mur-20201202-jlggb-2048x1536.jpg 2048w, https:\/\/jlggb.net\/blog7\/wp-content\/uploads\/2020\/12\/gobelet-mur-20201202-jlggb-150x113.jpg 150w\" sizes=\"auto, (max-width: 640px) 100vw, 640px\" \/><\/a><br \/>\nMercredi 2 d\u00e9cembre 2020, 14h, \u00e0 l&rsquo;angle de la place Georges Cl\u00e9menceau et de la rue du Commerce, Aix-les-Bains. Pr\u00e8s du march\u00e9, le petit caf\u00e9 est un marchand de caf\u00e9 et de th\u00e9, il a le droit d&rsquo;ouvrir et de servir un express, \u00e0 \u00eatre bu dehors. Une raison de descendre la rue de Gen\u00e8ve. Atlas du gobelet.<\/p>\n","protected":false},"excerpt":{"rendered":"<p>Mercredi 2 d\u00e9cembre 2020, 14h, \u00e0 l&rsquo;angle de la place Georges Cl\u00e9menceau et de la rue du Commerce, Aix-les-Bains. Pr\u00e8s du march\u00e9, le petit caf\u00e9 est un marchand de caf\u00e9 et de th\u00e9, il a le droit d&rsquo;ouvrir et de servir un express, \u00e0 \u00eatre bu dehors. Une raison de descendre la rue de Gen\u00e8ve. &hellip; <a href=\"https:\/\/jlggb.net\/blog7\/cafe-confine\/\" class=\"more-link\">Continuer la lecture de <span class=\"screen-reader-text\">Caf\u00e9 dehors<\/span><\/a><\/p>\n","protected":false},"author":1,"featured_media":0,"comment_status":"closed","ping_status":"closed","sticky":false,"template":"","format":"standard","meta":{"footnotes":""},"categories":[126],"tags":[320,321,196,322],"class_list":["post-1709","post","type-post","status-publish","format-standard","hentry","category-sortir","tag-cafe","tag-confinement","tag-grillage","tag-mur"],"_links":{"self":[{"href":"https:\/\/jlggb.net\/blog7\/wp-json\/wp\/v2\/posts\/1709","targetHints":{"allow":["GET"]}}],"collection":[{"href":"https:\/\/jlggb.net\/blog7\/wp-json\/wp\/v2\/posts"}],"about":[{"href":"https:\/\/jlggb.net\/blog7\/wp-json\/wp\/v2\/types\/post"}],"author":[{"embeddable":true,"href":"https:\/\/jlggb.net\/blog7\/wp-json\/wp\/v2\/users\/1"}],"replies":[{"embeddable":true,"href":"https:\/\/jlggb.net\/blog7\/wp-json\/wp\/v2\/comments?post=1709"}],"version-history":[{"count":8,"href":"https:\/\/jlggb.net\/blog7\/wp-json\/wp\/v2\/posts\/1709\/revisions"}],"predecessor-version":[{"id":1719,"href":"https:\/\/jlggb.net\/blog7\/wp-json\/wp\/v2\/posts\/1709\/revisions\/1719"}],"wp:attachment":[{"href":"https:\/\/jlggb.net\/blog7\/wp-json\/wp\/v2\/media?parent=1709"}],"wp:term":[{"taxonomy":"category","embeddable":true,"href":"https:\/\/jlggb.net\/blog7\/wp-json\/wp\/v2\/categories?post=1709"},{"taxonomy":"post_tag","embeddable":true,"href":"https:\/\/jlggb.net\/blog7\/wp-json\/wp\/v2\/tags?post=1709"}],"curies":[{"name":"wp","href":"https:\/\/api.w.org\/{rel}","templated":true}]}}