{"id":593,"date":"2018-03-15T19:00:44","date_gmt":"2018-03-15T18:00:44","guid":{"rendered":"http:\/\/jlggb.net\/blog6\/?p=593"},"modified":"2018-03-19T09:25:09","modified_gmt":"2018-03-19T08:25:09","slug":"une-ampoule-qui-se-projette","status":"publish","type":"post","link":"https:\/\/jlggb.net\/blog6\/2018\/03\/15\/une-ampoule-qui-se-projette\/","title":{"rendered":"Une ampoule qui se projette"},"content":{"rendered":"<p><a href=\"http:\/\/jlggb.net\/blog6\/wp-content\/uploads\/2018\/03\/leparc-ampoule-20180315.jpg\" data-rel=\"lightbox-image-0\" data-imagelightbox=\"0\" data-rl_title=\"\" data-rl_caption=\"\" title=\"\"><img loading=\"lazy\" decoding=\"async\" src=\"http:\/\/jlggb.net\/blog6\/wp-content\/uploads\/2018\/03\/leparc-ampoule-20180315.jpg\" class=\"alignnone size-full wp-image-594\" height=\"480\" alt=\"\" width=\"640\" srcset=\"https:\/\/jlggb.net\/blog6\/wp-content\/uploads\/2018\/03\/leparc-ampoule-20180315.jpg 2000w, https:\/\/jlggb.net\/blog6\/wp-content\/uploads\/2018\/03\/leparc-ampoule-20180315-300x225.jpg 300w, https:\/\/jlggb.net\/blog6\/wp-content\/uploads\/2018\/03\/leparc-ampoule-20180315-768x576.jpg 768w, https:\/\/jlggb.net\/blog6\/wp-content\/uploads\/2018\/03\/leparc-ampoule-20180315-1024x768.jpg 1024w, https:\/\/jlggb.net\/blog6\/wp-content\/uploads\/2018\/03\/leparc-ampoule-20180315-150x113.jpg 150w\" sizes=\"auto, (max-width: 640px) 100vw, 640px\" \/><\/a><br \/>\nJeudi 15 mars 2018, 19h, Maison de l&rsquo;Am\u00e9rique latine, boulevard Saint Germain, Paris, 7e. Julio Le Parc,<em> Lampe projet\u00e9e<\/em>, 1966, m\u00e9tal, bois, moteur, ampoule et loupe \u2014 collection de l&rsquo;artiste \u2014, exposition <em>L&rsquo;Invention de Morel ou la Machine \u00e0 images<\/em>, d&rsquo;apr\u00e8s le roman \u00e9crit par Adolfo Bioy Casares.<\/p>\n","protected":false},"excerpt":{"rendered":"<p>Jeudi 15 mars 2018, 19h, Maison de l&rsquo;Am\u00e9rique latine, boulevard Saint Germain, Paris, 7e. Julio Le Parc, Lampe projet\u00e9e, 1966, m\u00e9tal, bois, moteur, ampoule et loupe \u2014 collection de l&rsquo;artiste \u2014, exposition L&rsquo;Invention de Morel ou la Machine \u00e0 images, d&rsquo;apr\u00e8s le roman \u00e9crit par Adolfo Bioy Casares.<\/p>\n","protected":false},"author":1,"featured_media":0,"comment_status":"closed","ping_status":"closed","sticky":false,"template":"","format":"standard","meta":{"footnotes":""},"categories":[2,16],"tags":[141,140,73],"class_list":["post-593","post","type-post","status-publish","format-standard","hentry","category-collection","category-transposition","tag-adolfo-bioy-casares","tag-julio-le-parc","tag-lumiere"],"_links":{"self":[{"href":"https:\/\/jlggb.net\/blog6\/wp-json\/wp\/v2\/posts\/593","targetHints":{"allow":["GET"]}}],"collection":[{"href":"https:\/\/jlggb.net\/blog6\/wp-json\/wp\/v2\/posts"}],"about":[{"href":"https:\/\/jlggb.net\/blog6\/wp-json\/wp\/v2\/types\/post"}],"author":[{"embeddable":true,"href":"https:\/\/jlggb.net\/blog6\/wp-json\/wp\/v2\/users\/1"}],"replies":[{"embeddable":true,"href":"https:\/\/jlggb.net\/blog6\/wp-json\/wp\/v2\/comments?post=593"}],"version-history":[{"count":4,"href":"https:\/\/jlggb.net\/blog6\/wp-json\/wp\/v2\/posts\/593\/revisions"}],"predecessor-version":[{"id":611,"href":"https:\/\/jlggb.net\/blog6\/wp-json\/wp\/v2\/posts\/593\/revisions\/611"}],"wp:attachment":[{"href":"https:\/\/jlggb.net\/blog6\/wp-json\/wp\/v2\/media?parent=593"}],"wp:term":[{"taxonomy":"category","embeddable":true,"href":"https:\/\/jlggb.net\/blog6\/wp-json\/wp\/v2\/categories?post=593"},{"taxonomy":"post_tag","embeddable":true,"href":"https:\/\/jlggb.net\/blog6\/wp-json\/wp\/v2\/tags?post=593"}],"curies":[{"name":"wp","href":"https:\/\/api.w.org\/{rel}","templated":true}]}}