{"id":4045,"date":"2019-09-18T10:45:45","date_gmt":"2019-09-18T08:45:45","guid":{"rendered":"http:\/\/jlggb.net\/blog6\/?p=4045"},"modified":"2019-11-20T16:53:24","modified_gmt":"2019-11-20T14:53:24","slug":"les-balcons-du-bauhaus-dessau","status":"publish","type":"post","link":"https:\/\/jlggb.net\/blog6\/2019\/09\/18\/les-balcons-du-bauhaus-dessau\/","title":{"rendered":"Les balcons du Bauhaus Dessau"},"content":{"rendered":"<p><a href=\"http:\/\/jlggb.net\/blog6\/wp-content\/uploads\/2019\/09\/bauhaus-dessau-balcons-20190918-jlggb.jpg\" data-rel=\"lightbox-image-0\" data-imagelightbox=\"0\" data-rl_title=\"\" data-rl_caption=\"\" title=\"\"><img loading=\"lazy\" decoding=\"async\" class=\"alignnone size-full wp-image-4049\" src=\"http:\/\/jlggb.net\/blog6\/wp-content\/uploads\/2019\/09\/bauhaus-dessau-balcons-20190918-jlggb.jpg\" alt=\"\" width=\"640\" height=\"480\" \/><\/a><br \/>\nMercredi 18 septembre 2019, 10h45, Dessau. Lorsqu&rsquo;on vient du centre de la ville, en \u00e9tant conduit par le passage souterrain de la gare puis par la Bauhaus Stra\u00dfe, on entre progressivement dans un autre monde, marqu\u00e9 par l&rsquo;histoire stylistique du Bauhaus, jusqu&rsquo;\u00e0 se trouver au pied de ces \u00e9troits mais profonds balcons, \u00e9tag\u00e8res ordonnanc\u00e9es pour porter des acteurs. Cette fa\u00e7ade unique et modeste \u00e9tait d\u00e9j\u00e0 dans notre pens\u00e9e, comme un souvenir vivant en noir et blanc.<\/p>\n","protected":false},"excerpt":{"rendered":"<p>Mercredi 18 septembre 2019, 10h45, Dessau. Lorsqu&rsquo;on vient du centre de la ville, en \u00e9tant conduit par le passage souterrain de la gare puis par la Bauhaus Stra\u00dfe, on entre progressivement dans un autre monde, marqu\u00e9 par l&rsquo;histoire stylistique du Bauhaus, jusqu&rsquo;\u00e0 se trouver au pied de ces \u00e9troits mais profonds balcons, \u00e9tag\u00e8res ordonnanc\u00e9es pour &hellip; <a href=\"https:\/\/jlggb.net\/blog6\/2019\/09\/18\/les-balcons-du-bauhaus-dessau\/\" class=\"more-link\">Continuer la lecture de <span class=\"screen-reader-text\">Les balcons du Bauhaus Dessau<\/span><\/a><\/p>\n","protected":false},"author":1,"featured_media":0,"comment_status":"closed","ping_status":"closed","sticky":false,"template":"","format":"standard","meta":{"footnotes":""},"categories":[8,12],"tags":[656,668,271,664],"class_list":["post-4045","post","type-post","status-publish","format-standard","hentry","category-memorisation","category-objectivation","tag-architecture","tag-balcon","tag-bauhaus","tag-dessau"],"_links":{"self":[{"href":"https:\/\/jlggb.net\/blog6\/wp-json\/wp\/v2\/posts\/4045","targetHints":{"allow":["GET"]}}],"collection":[{"href":"https:\/\/jlggb.net\/blog6\/wp-json\/wp\/v2\/posts"}],"about":[{"href":"https:\/\/jlggb.net\/blog6\/wp-json\/wp\/v2\/types\/post"}],"author":[{"embeddable":true,"href":"https:\/\/jlggb.net\/blog6\/wp-json\/wp\/v2\/users\/1"}],"replies":[{"embeddable":true,"href":"https:\/\/jlggb.net\/blog6\/wp-json\/wp\/v2\/comments?post=4045"}],"version-history":[{"count":8,"href":"https:\/\/jlggb.net\/blog6\/wp-json\/wp\/v2\/posts\/4045\/revisions"}],"predecessor-version":[{"id":4427,"href":"https:\/\/jlggb.net\/blog6\/wp-json\/wp\/v2\/posts\/4045\/revisions\/4427"}],"wp:attachment":[{"href":"https:\/\/jlggb.net\/blog6\/wp-json\/wp\/v2\/media?parent=4045"}],"wp:term":[{"taxonomy":"category","embeddable":true,"href":"https:\/\/jlggb.net\/blog6\/wp-json\/wp\/v2\/categories?post=4045"},{"taxonomy":"post_tag","embeddable":true,"href":"https:\/\/jlggb.net\/blog6\/wp-json\/wp\/v2\/tags?post=4045"}],"curies":[{"name":"wp","href":"https:\/\/api.w.org\/{rel}","templated":true}]}}