{"id":3992,"date":"2019-08-29T12:30:15","date_gmt":"2019-08-29T11:30:15","guid":{"rendered":"http:\/\/jlggb.net\/blog6\/?p=3992"},"modified":"2020-10-16T20:44:08","modified_gmt":"2020-10-16T19:44:08","slug":"la-rue-belle-image-et-ses-noms","status":"publish","type":"post","link":"https:\/\/jlggb.net\/blog6\/2019\/08\/29\/la-rue-belle-image-et-ses-noms\/","title":{"rendered":"La rue Belle Image et ses noms"},"content":{"rendered":"<p><a href=\"http:\/\/jlggb.net\/blog6\/wp-content\/uploads\/2019\/09\/bonneterie-valence-20190830-jlggb.jpg\" data-rel=\"lightbox-image-0\" data-imagelightbox=\"0\" data-rl_title=\"\" data-rl_caption=\"\" title=\"\"><img loading=\"lazy\" decoding=\"async\" src=\"http:\/\/jlggb.net\/blog6\/wp-content\/uploads\/2019\/09\/bonneterie-valence-20190830-jlggb.jpg\" class=\"alignnone size-full wp-image-3993\" alt=\"\" width=\"640\" height=\"480\" srcset=\"https:\/\/jlggb.net\/blog6\/wp-content\/uploads\/2019\/09\/bonneterie-valence-20190830-jlggb.jpg 2400w, https:\/\/jlggb.net\/blog6\/wp-content\/uploads\/2019\/09\/bonneterie-valence-20190830-jlggb-300x225.jpg 300w, https:\/\/jlggb.net\/blog6\/wp-content\/uploads\/2019\/09\/bonneterie-valence-20190830-jlggb-768x576.jpg 768w, https:\/\/jlggb.net\/blog6\/wp-content\/uploads\/2019\/09\/bonneterie-valence-20190830-jlggb-1024x768.jpg 1024w, https:\/\/jlggb.net\/blog6\/wp-content\/uploads\/2019\/09\/bonneterie-valence-20190830-jlggb-150x113.jpg 150w\" sizes=\"auto, (max-width: 640px) 100vw, 640px\" \/><\/a><br \/>\nJeudi 29 ao\u00fbt 2019, 12h30, Valence, Dr\u00f4me. Dans le quartier de l&rsquo;\u00e9cole o\u00f9 je fus en 1954-1955, le nom de la Bonneterie Troyenne est rest\u00e9 associ\u00e9 pour moi aux noms arm\u00e9niens de nombreux camarades, au nom de la rue Belle Image, modernit\u00e9 de la reconstruction \u2014&nbsp;apr\u00e8s le bombardement alli\u00e9 du 15 ao\u00fbt 1944. Il est dit que le magasin fut ouvert en 1954. Il est \u00e9trange pour la m\u00e9moire de le voir rest\u00e9 identique.<\/p>\n","protected":false},"excerpt":{"rendered":"<p>Jeudi 29 ao\u00fbt 2019, 12h30, Valence, Dr\u00f4me. Dans le quartier de l&rsquo;\u00e9cole o\u00f9 je fus en 1954-1955, le nom de la Bonneterie Troyenne est rest\u00e9 associ\u00e9 pour moi aux noms arm\u00e9niens de nombreux camarades, au nom de la rue Belle Image, modernit\u00e9 de la reconstruction \u2014&nbsp;apr\u00e8s le bombardement alli\u00e9 du 15 ao\u00fbt 1944. Il est &hellip; <a href=\"https:\/\/jlggb.net\/blog6\/2019\/08\/29\/la-rue-belle-image-et-ses-noms\/\" class=\"more-link\">Continuer la lecture de <span class=\"screen-reader-text\">La rue Belle Image et ses noms<\/span><\/a><\/p>\n","protected":false},"author":1,"featured_media":0,"comment_status":"closed","ping_status":"closed","sticky":false,"template":"","format":"standard","meta":{"footnotes":""},"categories":[5,7,8,626],"tags":[656,658,657,66],"class_list":["post-3992","post","type-post","status-publish","format-standard","hentry","category-construction","category-enonciation","category-memorisation","category-repetition","tag-architecture","tag-armenien","tag-reconstruction","tag-valence"],"_links":{"self":[{"href":"https:\/\/jlggb.net\/blog6\/wp-json\/wp\/v2\/posts\/3992","targetHints":{"allow":["GET"]}}],"collection":[{"href":"https:\/\/jlggb.net\/blog6\/wp-json\/wp\/v2\/posts"}],"about":[{"href":"https:\/\/jlggb.net\/blog6\/wp-json\/wp\/v2\/types\/post"}],"author":[{"embeddable":true,"href":"https:\/\/jlggb.net\/blog6\/wp-json\/wp\/v2\/users\/1"}],"replies":[{"embeddable":true,"href":"https:\/\/jlggb.net\/blog6\/wp-json\/wp\/v2\/comments?post=3992"}],"version-history":[{"count":8,"href":"https:\/\/jlggb.net\/blog6\/wp-json\/wp\/v2\/posts\/3992\/revisions"}],"predecessor-version":[{"id":4675,"href":"https:\/\/jlggb.net\/blog6\/wp-json\/wp\/v2\/posts\/3992\/revisions\/4675"}],"wp:attachment":[{"href":"https:\/\/jlggb.net\/blog6\/wp-json\/wp\/v2\/media?parent=3992"}],"wp:term":[{"taxonomy":"category","embeddable":true,"href":"https:\/\/jlggb.net\/blog6\/wp-json\/wp\/v2\/categories?post=3992"},{"taxonomy":"post_tag","embeddable":true,"href":"https:\/\/jlggb.net\/blog6\/wp-json\/wp\/v2\/tags?post=3992"}],"curies":[{"name":"wp","href":"https:\/\/api.w.org\/{rel}","templated":true}]}}