{"id":3774,"date":"2019-07-28T10:40:19","date_gmt":"2019-07-28T08:40:19","guid":{"rendered":"http:\/\/jlggb.net\/blog6\/?p=3774"},"modified":"2019-08-18T11:02:06","modified_gmt":"2019-08-18T09:02:06","slug":"oui-je-suis-parti","status":"publish","type":"post","link":"https:\/\/jlggb.net\/blog6\/2019\/07\/28\/oui-je-suis-parti\/","title":{"rendered":"Oui je suis parti"},"content":{"rendered":"<p><a href=\"http:\/\/jlggb.net\/blog6\/wp-content\/uploads\/2019\/08\/tgv-suivant-20190728-jlggb.jpg\" data-rel=\"lightbox-image-0\" data-imagelightbox=\"0\" data-rl_title=\"\" data-rl_caption=\"\" title=\"\"><img loading=\"lazy\" decoding=\"async\" src=\"http:\/\/jlggb.net\/blog6\/wp-content\/uploads\/2019\/08\/tgv-suivant-20190728-jlggb.jpg\" class=\"alignnone size-full wp-image-3775\" alt=\"\" width=\"640\" height=\"480\" srcset=\"https:\/\/jlggb.net\/blog6\/wp-content\/uploads\/2019\/08\/tgv-suivant-20190728-jlggb.jpg 2400w, https:\/\/jlggb.net\/blog6\/wp-content\/uploads\/2019\/08\/tgv-suivant-20190728-jlggb-300x225.jpg 300w, https:\/\/jlggb.net\/blog6\/wp-content\/uploads\/2019\/08\/tgv-suivant-20190728-jlggb-768x576.jpg 768w, https:\/\/jlggb.net\/blog6\/wp-content\/uploads\/2019\/08\/tgv-suivant-20190728-jlggb-1024x768.jpg 1024w, https:\/\/jlggb.net\/blog6\/wp-content\/uploads\/2019\/08\/tgv-suivant-20190728-jlggb-150x113.jpg 150w\" sizes=\"auto, (max-width: 640px) 100vw, 640px\" \/><\/a><br \/>\nDimanche 28 juillet 2019, 10h40, gare de Lyon. Cette histoire m&rsquo;a exasp\u00e9r\u00e9 et fatigu\u00e9. Un malentendu, la fen\u00eatre n&rsquo;a pas \u00e9t\u00e9 ferm\u00e9e, j&rsquo;y retourne. Je reviens \u00e0 la gare mais le train vient de partir. La queue longtemps avec le num\u00e9ro E172, mais une dame gentille, sans discussion, me donne un billet pour le Tgv suivant. \u00ab&nbsp;Oui je suis parti&nbsp;\u00bb est la l\u00e9gende de cette image SMS, qui a la particularit\u00e9 d&rsquo;avoir une sym\u00e9trie centrale, d&rsquo;\u00eatre r\u00e9versible comme une carte \u00e0 jouer.<\/p>\n","protected":false},"excerpt":{"rendered":"<p>Dimanche 28 juillet 2019, 10h40, gare de Lyon. Cette histoire m&rsquo;a exasp\u00e9r\u00e9 et fatigu\u00e9. Un malentendu, la fen\u00eatre n&rsquo;a pas \u00e9t\u00e9 ferm\u00e9e, j&rsquo;y retourne. Je reviens \u00e0 la gare mais le train vient de partir. La queue longtemps avec le num\u00e9ro E172, mais une dame gentille, sans discussion, me donne un billet pour le Tgv &hellip; <a href=\"https:\/\/jlggb.net\/blog6\/2019\/07\/28\/oui-je-suis-parti\/\" class=\"more-link\">Continuer la lecture de <span class=\"screen-reader-text\">Oui je suis parti<\/span><\/a><\/p>\n","protected":false},"author":1,"featured_media":0,"comment_status":"closed","ping_status":"closed","sticky":false,"template":"","format":"standard","meta":{"footnotes":""},"categories":[7,15],"tags":[157,622,623,549],"class_list":["post-3774","post","type-post","status-publish","format-standard","hentry","category-enonciation","category-transportation","tag-ciel","tag-manque","tag-message","tag-train"],"_links":{"self":[{"href":"https:\/\/jlggb.net\/blog6\/wp-json\/wp\/v2\/posts\/3774","targetHints":{"allow":["GET"]}}],"collection":[{"href":"https:\/\/jlggb.net\/blog6\/wp-json\/wp\/v2\/posts"}],"about":[{"href":"https:\/\/jlggb.net\/blog6\/wp-json\/wp\/v2\/types\/post"}],"author":[{"embeddable":true,"href":"https:\/\/jlggb.net\/blog6\/wp-json\/wp\/v2\/users\/1"}],"replies":[{"embeddable":true,"href":"https:\/\/jlggb.net\/blog6\/wp-json\/wp\/v2\/comments?post=3774"}],"version-history":[{"count":7,"href":"https:\/\/jlggb.net\/blog6\/wp-json\/wp\/v2\/posts\/3774\/revisions"}],"predecessor-version":[{"id":3813,"href":"https:\/\/jlggb.net\/blog6\/wp-json\/wp\/v2\/posts\/3774\/revisions\/3813"}],"wp:attachment":[{"href":"https:\/\/jlggb.net\/blog6\/wp-json\/wp\/v2\/media?parent=3774"}],"wp:term":[{"taxonomy":"category","embeddable":true,"href":"https:\/\/jlggb.net\/blog6\/wp-json\/wp\/v2\/categories?post=3774"},{"taxonomy":"post_tag","embeddable":true,"href":"https:\/\/jlggb.net\/blog6\/wp-json\/wp\/v2\/tags?post=3774"}],"curies":[{"name":"wp","href":"https:\/\/api.w.org\/{rel}","templated":true}]}}