{"id":3406,"date":"2019-06-15T21:00:34","date_gmt":"2019-06-15T19:00:34","guid":{"rendered":"http:\/\/jlggb.net\/blog6\/?p=3406"},"modified":"2019-07-09T01:08:57","modified_gmt":"2019-07-08T23:08:57","slug":"dent-du-soir","status":"publish","type":"post","link":"https:\/\/jlggb.net\/blog6\/2019\/06\/15\/dent-du-soir\/","title":{"rendered":"Imperturbable"},"content":{"rendered":"<p><a href=\"http:\/\/jlggb.net\/blog6\/wp-content\/uploads\/2019\/06\/dent-soir-20190615-jlggb.jpg\" data-rel=\"lightbox-image-0\" data-imagelightbox=\"0\" data-rl_title=\"\" data-rl_caption=\"\" title=\"\"><img loading=\"lazy\" decoding=\"async\" class=\"alignnone wp-image-3408\" src=\"http:\/\/jlggb.net\/blog6\/wp-content\/uploads\/2019\/06\/dent-soir-20190615-jlggb.jpg\" alt=\"\" width=\"640\" height=\"480\" srcset=\"https:\/\/jlggb.net\/blog6\/wp-content\/uploads\/2019\/06\/dent-soir-20190615-jlggb.jpg 2400w, https:\/\/jlggb.net\/blog6\/wp-content\/uploads\/2019\/06\/dent-soir-20190615-jlggb-300x225.jpg 300w, https:\/\/jlggb.net\/blog6\/wp-content\/uploads\/2019\/06\/dent-soir-20190615-jlggb-768x576.jpg 768w, https:\/\/jlggb.net\/blog6\/wp-content\/uploads\/2019\/06\/dent-soir-20190615-jlggb-1024x768.jpg 1024w, https:\/\/jlggb.net\/blog6\/wp-content\/uploads\/2019\/06\/dent-soir-20190615-jlggb-150x113.jpg 150w\" sizes=\"auto, (max-width: 640px) 100vw, 640px\" \/><\/a><br \/>\nSamedi 15 juin 2019, 21h, Aix-les-Bains. Un tel beau ciel sur une Dent du chat imperturbable ne dit rien des temp\u00eates de gr\u00eale d\u00e9sastreuse qui viennent de se produire un peu plus \u00e0 l&rsquo;ouest.<\/p>\n","protected":false},"excerpt":{"rendered":"<p>Samedi 15 juin 2019, 21h, Aix-les-Bains. Un tel beau ciel sur une Dent du chat imperturbable ne dit rien des temp\u00eates de gr\u00eale d\u00e9sastreuse qui viennent de se produire un peu plus \u00e0 l&rsquo;ouest.<\/p>\n","protected":false},"author":1,"featured_media":0,"comment_status":"closed","ping_status":"closed","sticky":false,"template":"","format":"standard","meta":{"footnotes":""},"categories":[4,15],"tags":[157,74,154],"class_list":["post-3406","post","type-post","status-publish","format-standard","hentry","category-observation","category-transportation","tag-ciel","tag-climat","tag-montagne"],"_links":{"self":[{"href":"https:\/\/jlggb.net\/blog6\/wp-json\/wp\/v2\/posts\/3406","targetHints":{"allow":["GET"]}}],"collection":[{"href":"https:\/\/jlggb.net\/blog6\/wp-json\/wp\/v2\/posts"}],"about":[{"href":"https:\/\/jlggb.net\/blog6\/wp-json\/wp\/v2\/types\/post"}],"author":[{"embeddable":true,"href":"https:\/\/jlggb.net\/blog6\/wp-json\/wp\/v2\/users\/1"}],"replies":[{"embeddable":true,"href":"https:\/\/jlggb.net\/blog6\/wp-json\/wp\/v2\/comments?post=3406"}],"version-history":[{"count":4,"href":"https:\/\/jlggb.net\/blog6\/wp-json\/wp\/v2\/posts\/3406\/revisions"}],"predecessor-version":[{"id":3483,"href":"https:\/\/jlggb.net\/blog6\/wp-json\/wp\/v2\/posts\/3406\/revisions\/3483"}],"wp:attachment":[{"href":"https:\/\/jlggb.net\/blog6\/wp-json\/wp\/v2\/media?parent=3406"}],"wp:term":[{"taxonomy":"category","embeddable":true,"href":"https:\/\/jlggb.net\/blog6\/wp-json\/wp\/v2\/categories?post=3406"},{"taxonomy":"post_tag","embeddable":true,"href":"https:\/\/jlggb.net\/blog6\/wp-json\/wp\/v2\/tags?post=3406"}],"curies":[{"name":"wp","href":"https:\/\/api.w.org\/{rel}","templated":true}]}}