{"id":3055,"date":"2019-04-26T17:00:43","date_gmt":"2019-04-26T15:00:43","guid":{"rendered":"http:\/\/jlggb.net\/blog6\/?p=3055"},"modified":"2019-08-27T10:06:57","modified_gmt":"2019-08-27T08:06:57","slug":"sa-liberte","status":"publish","type":"post","link":"https:\/\/jlggb.net\/blog6\/2019\/04\/26\/sa-liberte\/","title":{"rendered":"Se lib\u00e9rer (Vie des objets. Ch. 79)"},"content":{"rendered":"<p><a href=\"http:\/\/jlggb.net\/blog6\/wp-content\/uploads\/2019\/04\/velib-seine-20190426-jlggb.jpg\" data-rel=\"lightbox-image-0\" data-imagelightbox=\"0\" data-rl_title=\"\" data-rl_caption=\"\" title=\"\"><img loading=\"lazy\" decoding=\"async\" src=\"http:\/\/jlggb.net\/blog6\/wp-content\/uploads\/2019\/04\/velib-seine-20190426-jlggb.jpg\" alt=\"\" width=\"640\" height=\"480\" class=\"alignnone size-full wp-image-3056\" srcset=\"https:\/\/jlggb.net\/blog6\/wp-content\/uploads\/2019\/04\/velib-seine-20190426-jlggb.jpg 2400w, https:\/\/jlggb.net\/blog6\/wp-content\/uploads\/2019\/04\/velib-seine-20190426-jlggb-300x225.jpg 300w, https:\/\/jlggb.net\/blog6\/wp-content\/uploads\/2019\/04\/velib-seine-20190426-jlggb-768x576.jpg 768w, https:\/\/jlggb.net\/blog6\/wp-content\/uploads\/2019\/04\/velib-seine-20190426-jlggb-1024x768.jpg 1024w, https:\/\/jlggb.net\/blog6\/wp-content\/uploads\/2019\/04\/velib-seine-20190426-jlggb-150x113.jpg 150w\" sizes=\"auto, (max-width: 640px) 100vw, 640px\" \/><\/a><br \/>\nVendredi 26 avril 2019, 17h, All\u00e9e Arthur Rimbaud, Quai de la Gare, Paris, 13e. Non loin de la Seine, et peut-\u00eatre d&rsquo;un tas de sable, le v\u00e9lo V\u00e9lib, de premi\u00e8re g\u00e9n\u00e9ration \u2014\u00a02007-2017 \u2014, est ressorti. Sur sa b\u00e9quille, il attend la confirmation d&rsquo;une libert\u00e9 retrouv\u00e9e.<\/p>\n","protected":false},"excerpt":{"rendered":"<p>Vendredi 26 avril 2019, 17h, All\u00e9e Arthur Rimbaud, Quai de la Gare, Paris, 13e. Non loin de la Seine, et peut-\u00eatre d&rsquo;un tas de sable, le v\u00e9lo V\u00e9lib, de premi\u00e8re g\u00e9n\u00e9ration \u2014\u00a02007-2017 \u2014, est ressorti. Sur sa b\u00e9quille, il attend la confirmation d&rsquo;une libert\u00e9 retrouv\u00e9e.<\/p>\n","protected":false},"author":1,"featured_media":0,"comment_status":"closed","ping_status":"closed","sticky":false,"template":"","format":"standard","meta":{"footnotes":""},"categories":[6,12],"tags":[524,522,523,521],"class_list":["post-3055","post","type-post","status-publish","format-standard","hentry","category-notation","category-objectivation","tag-rimbaud","tag-sable","tag-seine","tag-velo"],"_links":{"self":[{"href":"https:\/\/jlggb.net\/blog6\/wp-json\/wp\/v2\/posts\/3055","targetHints":{"allow":["GET"]}}],"collection":[{"href":"https:\/\/jlggb.net\/blog6\/wp-json\/wp\/v2\/posts"}],"about":[{"href":"https:\/\/jlggb.net\/blog6\/wp-json\/wp\/v2\/types\/post"}],"author":[{"embeddable":true,"href":"https:\/\/jlggb.net\/blog6\/wp-json\/wp\/v2\/users\/1"}],"replies":[{"embeddable":true,"href":"https:\/\/jlggb.net\/blog6\/wp-json\/wp\/v2\/comments?post=3055"}],"version-history":[{"count":6,"href":"https:\/\/jlggb.net\/blog6\/wp-json\/wp\/v2\/posts\/3055\/revisions"}],"predecessor-version":[{"id":3908,"href":"https:\/\/jlggb.net\/blog6\/wp-json\/wp\/v2\/posts\/3055\/revisions\/3908"}],"wp:attachment":[{"href":"https:\/\/jlggb.net\/blog6\/wp-json\/wp\/v2\/media?parent=3055"}],"wp:term":[{"taxonomy":"category","embeddable":true,"href":"https:\/\/jlggb.net\/blog6\/wp-json\/wp\/v2\/categories?post=3055"},{"taxonomy":"post_tag","embeddable":true,"href":"https:\/\/jlggb.net\/blog6\/wp-json\/wp\/v2\/tags?post=3055"}],"curies":[{"name":"wp","href":"https:\/\/api.w.org\/{rel}","templated":true}]}}