{"id":2876,"date":"2019-03-16T17:00:41","date_gmt":"2019-03-16T16:00:41","guid":{"rendered":"http:\/\/jlggb.net\/blog6\/?p=2876"},"modified":"2019-10-16T02:33:35","modified_gmt":"2019-10-16T00:33:35","slug":"la-marche-du-siecle","status":"publish","type":"post","link":"https:\/\/jlggb.net\/blog6\/2019\/03\/16\/la-marche-du-siecle\/","title":{"rendered":"La marche du si\u00e8cle"},"content":{"rendered":"<p><a href=\"http:\/\/jlggb.net\/blog6\/wp-content\/uploads\/2019\/03\/gobelet-siecle-20190316-jlggb.jpg\" data-rel=\"lightbox-image-0\" data-imagelightbox=\"0\" data-rl_title=\"\" data-rl_caption=\"\" title=\"\"><img loading=\"lazy\" decoding=\"async\" src=\"http:\/\/jlggb.net\/blog6\/wp-content\/uploads\/2019\/03\/gobelet-siecle-20190316-jlggb.jpg\" alt=\"\" width=\"640\" height=\"480\" class=\"alignnone size-full wp-image-2877\" srcset=\"https:\/\/jlggb.net\/blog6\/wp-content\/uploads\/2019\/03\/gobelet-siecle-20190316-jlggb.jpg 2400w, https:\/\/jlggb.net\/blog6\/wp-content\/uploads\/2019\/03\/gobelet-siecle-20190316-jlggb-300x225.jpg 300w, https:\/\/jlggb.net\/blog6\/wp-content\/uploads\/2019\/03\/gobelet-siecle-20190316-jlggb-768x576.jpg 768w, https:\/\/jlggb.net\/blog6\/wp-content\/uploads\/2019\/03\/gobelet-siecle-20190316-jlggb-1024x768.jpg 1024w, https:\/\/jlggb.net\/blog6\/wp-content\/uploads\/2019\/03\/gobelet-siecle-20190316-jlggb-150x113.jpg 150w\" sizes=\"auto, (max-width: 640px) 100vw, 640px\" \/><\/a><br \/>\nSamedi 16 mars 2019, 17h, Quai de Valmy, Paris, 11e. Alors que l&rsquo;immense d\u00e9fil\u00e9 de \u00ab La marche du si\u00e8cle \u00bb diffuse depuis la Place de la R\u00e9publique, un rep\u00e8re de l&rsquo;Atlas du gobelet s&rsquo;expose, peut-\u00eatre symboliquement. Pour quel symbole ?<\/p>\n","protected":false},"excerpt":{"rendered":"<p>Samedi 16 mars 2019, 17h, Quai de Valmy, Paris, 11e. Alors que l&rsquo;immense d\u00e9fil\u00e9 de \u00ab La marche du si\u00e8cle \u00bb diffuse depuis la Place de la R\u00e9publique, un rep\u00e8re de l&rsquo;Atlas du gobelet s&rsquo;expose, peut-\u00eatre symboliquement. Pour quel symbole ?<\/p>\n","protected":false},"author":1,"featured_media":0,"comment_status":"closed","ping_status":"closed","sticky":false,"template":"","format":"standard","meta":{"footnotes":""},"categories":[11,16],"tags":[227,490,491],"class_list":["post-2876","post","type-post","status-publish","format-standard","hentry","category-disposition","category-transposition","tag-gobelet","tag-marche","tag-symbole"],"_links":{"self":[{"href":"https:\/\/jlggb.net\/blog6\/wp-json\/wp\/v2\/posts\/2876","targetHints":{"allow":["GET"]}}],"collection":[{"href":"https:\/\/jlggb.net\/blog6\/wp-json\/wp\/v2\/posts"}],"about":[{"href":"https:\/\/jlggb.net\/blog6\/wp-json\/wp\/v2\/types\/post"}],"author":[{"embeddable":true,"href":"https:\/\/jlggb.net\/blog6\/wp-json\/wp\/v2\/users\/1"}],"replies":[{"embeddable":true,"href":"https:\/\/jlggb.net\/blog6\/wp-json\/wp\/v2\/comments?post=2876"}],"version-history":[{"count":5,"href":"https:\/\/jlggb.net\/blog6\/wp-json\/wp\/v2\/posts\/2876\/revisions"}],"predecessor-version":[{"id":4195,"href":"https:\/\/jlggb.net\/blog6\/wp-json\/wp\/v2\/posts\/2876\/revisions\/4195"}],"wp:attachment":[{"href":"https:\/\/jlggb.net\/blog6\/wp-json\/wp\/v2\/media?parent=2876"}],"wp:term":[{"taxonomy":"category","embeddable":true,"href":"https:\/\/jlggb.net\/blog6\/wp-json\/wp\/v2\/categories?post=2876"},{"taxonomy":"post_tag","embeddable":true,"href":"https:\/\/jlggb.net\/blog6\/wp-json\/wp\/v2\/tags?post=2876"}],"curies":[{"name":"wp","href":"https:\/\/api.w.org\/{rel}","templated":true}]}}