{"id":1924,"date":"2018-10-24T12:30:01","date_gmt":"2018-10-24T10:30:01","guid":{"rendered":"http:\/\/jlggb.net\/blog6\/?p=1924"},"modified":"2018-10-27T23:30:51","modified_gmt":"2018-10-27T21:30:51","slug":"un-vase-interessant","status":"publish","type":"post","link":"https:\/\/jlggb.net\/blog6\/2018\/10\/24\/un-vase-interessant\/","title":{"rendered":"Un vase int\u00e9ressant"},"content":{"rendered":"<p><a href=\"http:\/\/jlggb.net\/blog6\/wp-content\/uploads\/2018\/10\/dieulefit-noir-20181025-jlggb.jpg\" data-rel=\"lightbox-image-0\" data-imagelightbox=\"0\" data-rl_title=\"\" data-rl_caption=\"\" title=\"\"><img loading=\"lazy\" decoding=\"async\" class=\"alignnone size-full wp-image-1925\" src=\"http:\/\/jlggb.net\/blog6\/wp-content\/uploads\/2018\/10\/dieulefit-noir-20181025-jlggb.jpg\" alt=\"\" width=\"640\" height=\"480\" \/><\/a><br \/>\nMercredi 24 octobre 2018, 12h30, Maison de la c\u00e9ramique, Dieulefit, Dr\u00f4me. Un vase noir attire l&rsquo;attention, parmi des pots qui sont des ustensiles. Il provient de la poterie Aubert \u00e0 Po\u00ebt-Laval, dat\u00e9 fin XIXe d\u00e9but XXe. Si on lui trouve un esprit Art nouveau, organique, on peut aussi lui reconna\u00eetre, et c&rsquo;est d&rsquo;ailleurs associ\u00e9 \u00e0 ce style, une dimension directement gestuelle. Le tournage incite en effet \u00e0 marquer la pression des doigts par des renfoncements et des renflements. L&rsquo;\u00e9clairage selon la technique actuelle des frises de diodes produit un effet discutable. Le noir tr\u00e8s brillant r\u00e9fl\u00e9chit les pi\u00e8ces voisines, jaunes et d\u00e9cor\u00e9es, mais aussi les regardeurs et leur espace.<\/p>\n","protected":false},"excerpt":{"rendered":"<p>Mercredi 24 octobre 2018, 12h30, Maison de la c\u00e9ramique, Dieulefit, Dr\u00f4me. Un vase noir attire l&rsquo;attention, parmi des pots qui sont des ustensiles. Il provient de la poterie Aubert \u00e0 Po\u00ebt-Laval, dat\u00e9 fin XIXe d\u00e9but XXe. Si on lui trouve un esprit Art nouveau, organique, on peut aussi lui reconna\u00eetre, et c&rsquo;est d&rsquo;ailleurs associ\u00e9 \u00e0 &hellip; <a href=\"https:\/\/jlggb.net\/blog6\/2018\/10\/24\/un-vase-interessant\/\" class=\"more-link\">Continuer la lecture de <span class=\"screen-reader-text\">Un vase int\u00e9ressant<\/span><\/a><\/p>\n","protected":false},"author":1,"featured_media":0,"comment_status":"closed","ping_status":"closed","sticky":false,"template":"","format":"standard","meta":{"footnotes":""},"categories":[2,12],"tags":[29,370,184,226],"class_list":["post-1924","post","type-post","status-publish","format-standard","hentry","category-collection","category-objectivation","tag-ceramique","tag-dieulefit","tag-pot","tag-vase"],"_links":{"self":[{"href":"https:\/\/jlggb.net\/blog6\/wp-json\/wp\/v2\/posts\/1924","targetHints":{"allow":["GET"]}}],"collection":[{"href":"https:\/\/jlggb.net\/blog6\/wp-json\/wp\/v2\/posts"}],"about":[{"href":"https:\/\/jlggb.net\/blog6\/wp-json\/wp\/v2\/types\/post"}],"author":[{"embeddable":true,"href":"https:\/\/jlggb.net\/blog6\/wp-json\/wp\/v2\/users\/1"}],"replies":[{"embeddable":true,"href":"https:\/\/jlggb.net\/blog6\/wp-json\/wp\/v2\/comments?post=1924"}],"version-history":[{"count":7,"href":"https:\/\/jlggb.net\/blog6\/wp-json\/wp\/v2\/posts\/1924\/revisions"}],"predecessor-version":[{"id":1932,"href":"https:\/\/jlggb.net\/blog6\/wp-json\/wp\/v2\/posts\/1924\/revisions\/1932"}],"wp:attachment":[{"href":"https:\/\/jlggb.net\/blog6\/wp-json\/wp\/v2\/media?parent=1924"}],"wp:term":[{"taxonomy":"category","embeddable":true,"href":"https:\/\/jlggb.net\/blog6\/wp-json\/wp\/v2\/categories?post=1924"},{"taxonomy":"post_tag","embeddable":true,"href":"https:\/\/jlggb.net\/blog6\/wp-json\/wp\/v2\/tags?post=1924"}],"curies":[{"name":"wp","href":"https:\/\/api.w.org\/{rel}","templated":true}]}}