{"id":1764,"date":"2018-09-19T21:00:28","date_gmt":"2018-09-19T19:00:28","guid":{"rendered":"http:\/\/jlggb.net\/blog6\/?p=1764"},"modified":"2018-09-22T01:34:19","modified_gmt":"2018-09-21T23:34:19","slug":"le-chene-vert-de-1789","status":"publish","type":"post","link":"https:\/\/jlggb.net\/blog6\/2018\/09\/19\/le-chene-vert-de-1789\/","title":{"rendered":"Le ch\u00eane vert de 1789"},"content":{"rendered":"<p><a href=\"http:\/\/jlggb.net\/blog6\/wp-content\/uploads\/2018\/09\/chene-vert-ivry-1789-20180919-jlggb.jpg\" data-rel=\"lightbox-image-0\" data-imagelightbox=\"0\" data-rl_title=\"\" data-rl_caption=\"\" title=\"\"><img loading=\"lazy\" decoding=\"async\" src=\"http:\/\/jlggb.net\/blog6\/wp-content\/uploads\/2018\/09\/chene-vert-ivry-1789-20180919-jlggb.jpg\" alt=\"\" width=\"640\" height=\"480\" class=\"alignnone size-full wp-image-1765\" srcset=\"https:\/\/jlggb.net\/blog6\/wp-content\/uploads\/2018\/09\/chene-vert-ivry-1789-20180919-jlggb.jpg 2400w, https:\/\/jlggb.net\/blog6\/wp-content\/uploads\/2018\/09\/chene-vert-ivry-1789-20180919-jlggb-300x225.jpg 300w, https:\/\/jlggb.net\/blog6\/wp-content\/uploads\/2018\/09\/chene-vert-ivry-1789-20180919-jlggb-768x576.jpg 768w, https:\/\/jlggb.net\/blog6\/wp-content\/uploads\/2018\/09\/chene-vert-ivry-1789-20180919-jlggb-1024x768.jpg 1024w, https:\/\/jlggb.net\/blog6\/wp-content\/uploads\/2018\/09\/chene-vert-ivry-1789-20180919-jlggb-150x113.jpg 150w\" sizes=\"auto, (max-width: 640px) 100vw, 640px\" \/><\/a><br \/>\nMercredi 19 septembre 2018, 21h, rue Raspail, Ivry-sur-Seine. Per\u00e7u dans la nuit comme grand et majestueux, cet arbre comporte un \u00e9criteau \u2014 sur mesure pour cette ville, \u00e0 deux pas des rues Marat, Robespierre, Saint-Just  \u2013 o\u00f9 il est dit : \u00ab\u00a0Ch\u00eane vert plant\u00e9 \u00e0 l&rsquo;\u00e9poque de la R\u00e9volution fran\u00e7aise de 1789\u00a0\u00bb.<\/p>\n","protected":false},"excerpt":{"rendered":"<p>Mercredi 19 septembre 2018, 21h, rue Raspail, Ivry-sur-Seine. Per\u00e7u dans la nuit comme grand et majestueux, cet arbre comporte un \u00e9criteau \u2014 sur mesure pour cette ville, \u00e0 deux pas des rues Marat, Robespierre, Saint-Just \u2013 o\u00f9 il est dit : \u00ab\u00a0Ch\u00eane vert plant\u00e9 \u00e0 l&rsquo;\u00e9poque de la R\u00e9volution fran\u00e7aise de 1789\u00a0\u00bb.<\/p>\n","protected":false},"author":1,"featured_media":0,"comment_status":"closed","ping_status":"closed","sticky":false,"template":"","format":"standard","meta":{"footnotes":""},"categories":[24,8],"tags":[344,345],"class_list":["post-1764","post","type-post","status-publish","format-standard","hentry","category-indication","category-memorisation","tag-chene-vert","tag-ivry-sur-seine"],"_links":{"self":[{"href":"https:\/\/jlggb.net\/blog6\/wp-json\/wp\/v2\/posts\/1764","targetHints":{"allow":["GET"]}}],"collection":[{"href":"https:\/\/jlggb.net\/blog6\/wp-json\/wp\/v2\/posts"}],"about":[{"href":"https:\/\/jlggb.net\/blog6\/wp-json\/wp\/v2\/types\/post"}],"author":[{"embeddable":true,"href":"https:\/\/jlggb.net\/blog6\/wp-json\/wp\/v2\/users\/1"}],"replies":[{"embeddable":true,"href":"https:\/\/jlggb.net\/blog6\/wp-json\/wp\/v2\/comments?post=1764"}],"version-history":[{"count":4,"href":"https:\/\/jlggb.net\/blog6\/wp-json\/wp\/v2\/posts\/1764\/revisions"}],"predecessor-version":[{"id":1769,"href":"https:\/\/jlggb.net\/blog6\/wp-json\/wp\/v2\/posts\/1764\/revisions\/1769"}],"wp:attachment":[{"href":"https:\/\/jlggb.net\/blog6\/wp-json\/wp\/v2\/media?parent=1764"}],"wp:term":[{"taxonomy":"category","embeddable":true,"href":"https:\/\/jlggb.net\/blog6\/wp-json\/wp\/v2\/categories?post=1764"},{"taxonomy":"post_tag","embeddable":true,"href":"https:\/\/jlggb.net\/blog6\/wp-json\/wp\/v2\/tags?post=1764"}],"curies":[{"name":"wp","href":"https:\/\/api.w.org\/{rel}","templated":true}]}}