{"id":1727,"date":"2018-09-12T20:30:59","date_gmt":"2018-09-12T18:30:59","guid":{"rendered":"http:\/\/jlggb.net\/blog6\/?p=1727"},"modified":"2018-09-22T01:35:32","modified_gmt":"2018-09-21T23:35:32","slug":"les-prunes","status":"publish","type":"post","link":"https:\/\/jlggb.net\/blog6\/2018\/09\/12\/les-prunes\/","title":{"rendered":"Les prunes"},"content":{"rendered":"<p><a href=\"http:\/\/jlggb.net\/blog6\/wp-content\/uploads\/2018\/09\/prunes-japon-20180912-jlggb.jpg\" data-rel=\"lightbox-image-0\" data-imagelightbox=\"0\" data-rl_title=\"\" data-rl_caption=\"\" title=\"\"><img loading=\"lazy\" decoding=\"async\" src=\"http:\/\/jlggb.net\/blog6\/wp-content\/uploads\/2018\/09\/prunes-japon-20180912-jlggb.jpg\" alt=\"\" width=\"640\" height=\"480\" class=\"alignnone size-full wp-image-1728\" srcset=\"https:\/\/jlggb.net\/blog6\/wp-content\/uploads\/2018\/09\/prunes-japon-20180912-jlggb.jpg 2400w, https:\/\/jlggb.net\/blog6\/wp-content\/uploads\/2018\/09\/prunes-japon-20180912-jlggb-300x225.jpg 300w, https:\/\/jlggb.net\/blog6\/wp-content\/uploads\/2018\/09\/prunes-japon-20180912-jlggb-768x576.jpg 768w, https:\/\/jlggb.net\/blog6\/wp-content\/uploads\/2018\/09\/prunes-japon-20180912-jlggb-1024x768.jpg 1024w, https:\/\/jlggb.net\/blog6\/wp-content\/uploads\/2018\/09\/prunes-japon-20180912-jlggb-150x113.jpg 150w\" sizes=\"auto, (max-width: 640px) 100vw, 640px\" \/><\/a><br \/>\nMercredi 12 septembre 2018, 20h30, 93bis. Rue des Petits Champs, Paris 2e, une \u00e9picerie japonaise vend aussi des prunes (bien m\u00fbres, elles vont \u00eatre bonnes). Le petit sachet de cellophane porte une \u00e9tiquette avec l&rsquo;indication d&rsquo;origine : Bio EU\/Non UE. On doit faire avec \u00e7a, y compris adopter ces mots comme l\u00e9gende d&rsquo;un groupe empreint de vari\u00e9t\u00e9.<\/p>\n","protected":false},"excerpt":{"rendered":"<p>Mercredi 12 septembre 2018, 20h30, 93bis. Rue des Petits Champs, Paris 2e, une \u00e9picerie japonaise vend aussi des prunes (bien m\u00fbres, elles vont \u00eatre bonnes). Le petit sachet de cellophane porte une \u00e9tiquette avec l&rsquo;indication d&rsquo;origine : Bio EU\/Non UE. On doit faire avec \u00e7a, y compris adopter ces mots comme l\u00e9gende d&rsquo;un groupe empreint &hellip; <a href=\"https:\/\/jlggb.net\/blog6\/2018\/09\/12\/les-prunes\/\" class=\"more-link\">Continuer la lecture de <span class=\"screen-reader-text\">Les prunes<\/span><\/a><\/p>\n","protected":false},"author":1,"featured_media":0,"comment_status":"closed","ping_status":"closed","sticky":false,"template":"","format":"standard","meta":{"footnotes":""},"categories":[7,6],"tags":[337,89,336],"class_list":["post-1727","post","type-post","status-publish","format-standard","hentry","category-enonciation","category-notation","tag-etiquette","tag-fruit","tag-prune"],"_links":{"self":[{"href":"https:\/\/jlggb.net\/blog6\/wp-json\/wp\/v2\/posts\/1727","targetHints":{"allow":["GET"]}}],"collection":[{"href":"https:\/\/jlggb.net\/blog6\/wp-json\/wp\/v2\/posts"}],"about":[{"href":"https:\/\/jlggb.net\/blog6\/wp-json\/wp\/v2\/types\/post"}],"author":[{"embeddable":true,"href":"https:\/\/jlggb.net\/blog6\/wp-json\/wp\/v2\/users\/1"}],"replies":[{"embeddable":true,"href":"https:\/\/jlggb.net\/blog6\/wp-json\/wp\/v2\/comments?post=1727"}],"version-history":[{"count":7,"href":"https:\/\/jlggb.net\/blog6\/wp-json\/wp\/v2\/posts\/1727\/revisions"}],"predecessor-version":[{"id":1736,"href":"https:\/\/jlggb.net\/blog6\/wp-json\/wp\/v2\/posts\/1727\/revisions\/1736"}],"wp:attachment":[{"href":"https:\/\/jlggb.net\/blog6\/wp-json\/wp\/v2\/media?parent=1727"}],"wp:term":[{"taxonomy":"category","embeddable":true,"href":"https:\/\/jlggb.net\/blog6\/wp-json\/wp\/v2\/categories?post=1727"},{"taxonomy":"post_tag","embeddable":true,"href":"https:\/\/jlggb.net\/blog6\/wp-json\/wp\/v2\/tags?post=1727"}],"curies":[{"name":"wp","href":"https:\/\/api.w.org\/{rel}","templated":true}]}}