{"id":1493,"date":"2018-07-23T13:00:34","date_gmt":"2018-07-23T11:00:34","guid":{"rendered":"http:\/\/jlggb.net\/blog6\/?p=1493"},"modified":"2020-10-16T16:51:31","modified_gmt":"2020-10-16T15:51:31","slug":"paix","status":"publish","type":"post","link":"https:\/\/jlggb.net\/blog6\/2018\/07\/23\/paix\/","title":{"rendered":"paix"},"content":{"rendered":"<p><a href=\"http:\/\/jlggb.net\/blog6\/wp-content\/uploads\/2018\/08\/jarsy-algerie-20180723.jpg\" data-rel=\"lightbox-image-0\" data-imagelightbox=\"0\" data-rl_title=\"\" data-rl_caption=\"\" title=\"\"><img loading=\"lazy\" decoding=\"async\" class=\"alignnone size-full wp-image-1494\" src=\"http:\/\/jlggb.net\/blog6\/wp-content\/uploads\/2018\/08\/jarsy-algerie-20180723.jpg\" alt=\"\" width=\"2400\" height=\"1800\" srcset=\"https:\/\/jlggb.net\/blog6\/wp-content\/uploads\/2018\/08\/jarsy-algerie-20180723.jpg 2400w, https:\/\/jlggb.net\/blog6\/wp-content\/uploads\/2018\/08\/jarsy-algerie-20180723-300x225.jpg 300w, https:\/\/jlggb.net\/blog6\/wp-content\/uploads\/2018\/08\/jarsy-algerie-20180723-768x576.jpg 768w, https:\/\/jlggb.net\/blog6\/wp-content\/uploads\/2018\/08\/jarsy-algerie-20180723-1024x768.jpg 1024w, https:\/\/jlggb.net\/blog6\/wp-content\/uploads\/2018\/08\/jarsy-algerie-20180723-150x113.jpg 150w\" sizes=\"auto, (max-width: 2400px) 100vw, 2400px\" \/><\/a><br \/>\nLundi 23 juillet 2018, 13h, Jarsy, Massif des Bauges, Savoie. Jarsy fut un lieu de la r\u00e9sistance marqu\u00e9 par le Parti communiste. Ce slogan, trac\u00e9 sur un b\u00e2timent municipal, rappelle l\u2019opposition \u00e0 la guerre mais aussi un diff\u00e9rend : ne pas adh\u00e9rer explicitement \u00e0 une lutte pour l\u2019ind\u00e9pendance de l\u2019Alg\u00e9rie.<\/p>\n","protected":false},"excerpt":{"rendered":"<p>Lundi 23 juillet 2018, 13h, Jarsy, Massif des Bauges, Savoie. Jarsy fut un lieu de la r\u00e9sistance marqu\u00e9 par le Parti communiste. Ce slogan, trac\u00e9 sur un b\u00e2timent municipal, rappelle l\u2019opposition \u00e0 la guerre mais aussi un diff\u00e9rend : ne pas adh\u00e9rer explicitement \u00e0 une lutte pour l\u2019ind\u00e9pendance de l\u2019Alg\u00e9rie.<\/p>\n","protected":false},"author":1,"featured_media":0,"comment_status":"closed","ping_status":"closed","sticky":false,"template":"","format":"standard","meta":{"footnotes":""},"categories":[7,14],"tags":[309,310,254,159],"class_list":["post-1493","post","type-post","status-publish","format-standard","hentry","category-enonciation","category-superposition","tag-algerie","tag-guerre","tag-mur","tag-peinture"],"_links":{"self":[{"href":"https:\/\/jlggb.net\/blog6\/wp-json\/wp\/v2\/posts\/1493","targetHints":{"allow":["GET"]}}],"collection":[{"href":"https:\/\/jlggb.net\/blog6\/wp-json\/wp\/v2\/posts"}],"about":[{"href":"https:\/\/jlggb.net\/blog6\/wp-json\/wp\/v2\/types\/post"}],"author":[{"embeddable":true,"href":"https:\/\/jlggb.net\/blog6\/wp-json\/wp\/v2\/users\/1"}],"replies":[{"embeddable":true,"href":"https:\/\/jlggb.net\/blog6\/wp-json\/wp\/v2\/comments?post=1493"}],"version-history":[{"count":4,"href":"https:\/\/jlggb.net\/blog6\/wp-json\/wp\/v2\/posts\/1493\/revisions"}],"predecessor-version":[{"id":4649,"href":"https:\/\/jlggb.net\/blog6\/wp-json\/wp\/v2\/posts\/1493\/revisions\/4649"}],"wp:attachment":[{"href":"https:\/\/jlggb.net\/blog6\/wp-json\/wp\/v2\/media?parent=1493"}],"wp:term":[{"taxonomy":"category","embeddable":true,"href":"https:\/\/jlggb.net\/blog6\/wp-json\/wp\/v2\/categories?post=1493"},{"taxonomy":"post_tag","embeddable":true,"href":"https:\/\/jlggb.net\/blog6\/wp-json\/wp\/v2\/tags?post=1493"}],"curies":[{"name":"wp","href":"https:\/\/api.w.org\/{rel}","templated":true}]}}