{"id":1242,"date":"2018-07-11T18:30:20","date_gmt":"2018-07-11T16:30:20","guid":{"rendered":"http:\/\/jlggb.net\/blog6\/?p=1242"},"modified":"2018-07-15T15:16:09","modified_gmt":"2018-07-15T13:16:09","slug":"penetrable","status":"publish","type":"post","link":"https:\/\/jlggb.net\/blog6\/2018\/07\/11\/penetrable\/","title":{"rendered":"P\u00e9n\u00e9trable"},"content":{"rendered":"<p><a href=\"http:\/\/jlggb.net\/blog6\/wp-content\/uploads\/2018\/07\/el-lissitzky-chambre-20180711.jpg\" data-rel=\"lightbox-image-0\" data-imagelightbox=\"0\" data-rl_title=\"\" data-rl_caption=\"\" title=\"\"><img loading=\"lazy\" decoding=\"async\" src=\"http:\/\/jlggb.net\/blog6\/wp-content\/uploads\/2018\/07\/el-lissitzky-chambre-20180711.jpg\" alt=\"\" width=\"640\" height=\"480\" class=\"alignnone size-full wp-image-1243\" srcset=\"https:\/\/jlggb.net\/blog6\/wp-content\/uploads\/2018\/07\/el-lissitzky-chambre-20180711.jpg 2000w, https:\/\/jlggb.net\/blog6\/wp-content\/uploads\/2018\/07\/el-lissitzky-chambre-20180711-300x225.jpg 300w, https:\/\/jlggb.net\/blog6\/wp-content\/uploads\/2018\/07\/el-lissitzky-chambre-20180711-768x576.jpg 768w, https:\/\/jlggb.net\/blog6\/wp-content\/uploads\/2018\/07\/el-lissitzky-chambre-20180711-1024x768.jpg 1024w, https:\/\/jlggb.net\/blog6\/wp-content\/uploads\/2018\/07\/el-lissitzky-chambre-20180711-150x113.jpg 150w\" sizes=\"auto, (max-width: 640px) 100vw, 640px\" \/><\/a><br \/>\nMercredi 11 juillet 2018, 18h30, Mus\u00e9e national d&rsquo;art moderne, Paris, exposition <em>L\u2019Avant-Garde russe \u00e0 Vitebsk, 1918-1922<\/em>. El Lissitzky, <em>Espace-Proun<\/em>, 1923\/1971, bois peint, reconstruction, Collection Van Abbemuseum, Eindhoven. \u00c0 la <em>Grosse Berliner Kunstaustellung<\/em>, 1923, El Lissitzky prend toute la pi\u00e8ce qui lui est destin\u00e9e pour produire une \u0153uvre qui tend \u00e0 placer le regardeur dans un r\u00f4le actif, dans l&rsquo;exploration d&rsquo;un espace multipliant les points de vue.<\/p>\n","protected":false},"excerpt":{"rendered":"<p>Mercredi 11 juillet 2018, 18h30, Mus\u00e9e national d&rsquo;art moderne, Paris, exposition L\u2019Avant-Garde russe \u00e0 Vitebsk, 1918-1922. El Lissitzky, Espace-Proun, 1923\/1971, bois peint, reconstruction, Collection Van Abbemuseum, Eindhoven. \u00c0 la Grosse Berliner Kunstaustellung, 1923, El Lissitzky prend toute la pi\u00e8ce qui lui est destin\u00e9e pour produire une \u0153uvre qui tend \u00e0 placer le regardeur dans un &hellip; <a href=\"https:\/\/jlggb.net\/blog6\/2018\/07\/11\/penetrable\/\" class=\"more-link\">Continuer la lecture de <span class=\"screen-reader-text\">P\u00e9n\u00e9trable<\/span><\/a><\/p>\n","protected":false},"author":1,"featured_media":0,"comment_status":"closed","ping_status":"closed","sticky":false,"template":"","format":"standard","meta":{"footnotes":""},"categories":[2,5,11],"tags":[268,267],"class_list":["post-1242","post","type-post","status-publish","format-standard","hentry","category-collection","category-construction","category-disposition","tag-268","tag-el-lissitzky"],"_links":{"self":[{"href":"https:\/\/jlggb.net\/blog6\/wp-json\/wp\/v2\/posts\/1242","targetHints":{"allow":["GET"]}}],"collection":[{"href":"https:\/\/jlggb.net\/blog6\/wp-json\/wp\/v2\/posts"}],"about":[{"href":"https:\/\/jlggb.net\/blog6\/wp-json\/wp\/v2\/types\/post"}],"author":[{"embeddable":true,"href":"https:\/\/jlggb.net\/blog6\/wp-json\/wp\/v2\/users\/1"}],"replies":[{"embeddable":true,"href":"https:\/\/jlggb.net\/blog6\/wp-json\/wp\/v2\/comments?post=1242"}],"version-history":[{"count":9,"href":"https:\/\/jlggb.net\/blog6\/wp-json\/wp\/v2\/posts\/1242\/revisions"}],"predecessor-version":[{"id":1254,"href":"https:\/\/jlggb.net\/blog6\/wp-json\/wp\/v2\/posts\/1242\/revisions\/1254"}],"wp:attachment":[{"href":"https:\/\/jlggb.net\/blog6\/wp-json\/wp\/v2\/media?parent=1242"}],"wp:term":[{"taxonomy":"category","embeddable":true,"href":"https:\/\/jlggb.net\/blog6\/wp-json\/wp\/v2\/categories?post=1242"},{"taxonomy":"post_tag","embeddable":true,"href":"https:\/\/jlggb.net\/blog6\/wp-json\/wp\/v2\/tags?post=1242"}],"curies":[{"name":"wp","href":"https:\/\/api.w.org\/{rel}","templated":true}]}}