{"id":1204,"date":"2018-06-15T19:00:54","date_gmt":"2018-06-15T17:00:54","guid":{"rendered":"http:\/\/jlggb.net\/blog6\/?p=1204"},"modified":"2018-06-29T13:45:55","modified_gmt":"2018-06-29T11:45:55","slug":"de-toute-part","status":"publish","type":"post","link":"https:\/\/jlggb.net\/blog6\/2018\/06\/15\/de-toute-part\/","title":{"rendered":"De toute part"},"content":{"rendered":"<p><a href=\"http:\/\/jlggb.net\/blog6\/wp-content\/uploads\/2018\/06\/manifesta-relocation-20180615.jpg\" data-rel=\"lightbox-image-0\" data-imagelightbox=\"0\" data-rl_title=\"\" data-rl_caption=\"\" title=\"\"><img loading=\"lazy\" decoding=\"async\" class=\"alignnone wp-image-1206\" src=\"http:\/\/jlggb.net\/blog6\/wp-content\/uploads\/2018\/06\/manifesta-relocation-20180615.jpg\" alt=\"\" width=\"640\" height=\"480\" srcset=\"https:\/\/jlggb.net\/blog6\/wp-content\/uploads\/2018\/06\/manifesta-relocation-20180615.jpg 2400w, https:\/\/jlggb.net\/blog6\/wp-content\/uploads\/2018\/06\/manifesta-relocation-20180615-300x225.jpg 300w, https:\/\/jlggb.net\/blog6\/wp-content\/uploads\/2018\/06\/manifesta-relocation-20180615-768x576.jpg 768w, https:\/\/jlggb.net\/blog6\/wp-content\/uploads\/2018\/06\/manifesta-relocation-20180615-1024x768.jpg 1024w, https:\/\/jlggb.net\/blog6\/wp-content\/uploads\/2018\/06\/manifesta-relocation-20180615-150x113.jpg 150w\" sizes=\"auto, (max-width: 640px) 100vw, 640px\" \/><\/a><br \/>\nVendredi 15 juin 2018, 19h, Orto Botanico, Palerme. Pour Manifesta 12, Khalil Rabah, Ramallah, propose\u00a0<em>Relocation, Among Other Things<\/em>, une accumulation d&rsquo;objets d\u00e9plac\u00e9s, venus de toute part, ordonn\u00e9s comme par une classification botanique dans un pavillon qui fut pr\u00e9cis\u00e9ment construit pour cela.<\/p>\n","protected":false},"excerpt":{"rendered":"<p>Vendredi 15 juin 2018, 19h, Orto Botanico, Palerme. Pour Manifesta 12, Khalil Rabah, Ramallah, propose\u00a0Relocation, Among Other Things, une accumulation d&rsquo;objets d\u00e9plac\u00e9s, venus de toute part, ordonn\u00e9s comme par une classification botanique dans un pavillon qui fut pr\u00e9cis\u00e9ment construit pour cela.<\/p>\n","protected":false},"author":1,"featured_media":0,"comment_status":"closed","ping_status":"closed","sticky":false,"template":"","format":"standard","meta":{"footnotes":""},"categories":[2,11,16],"tags":[237,261,228],"class_list":["post-1204","post","type-post","status-publish","format-standard","hentry","category-collection","category-disposition","category-transposition","tag-manifesta-12","tag-objets","tag-palerme"],"_links":{"self":[{"href":"https:\/\/jlggb.net\/blog6\/wp-json\/wp\/v2\/posts\/1204","targetHints":{"allow":["GET"]}}],"collection":[{"href":"https:\/\/jlggb.net\/blog6\/wp-json\/wp\/v2\/posts"}],"about":[{"href":"https:\/\/jlggb.net\/blog6\/wp-json\/wp\/v2\/types\/post"}],"author":[{"embeddable":true,"href":"https:\/\/jlggb.net\/blog6\/wp-json\/wp\/v2\/users\/1"}],"replies":[{"embeddable":true,"href":"https:\/\/jlggb.net\/blog6\/wp-json\/wp\/v2\/comments?post=1204"}],"version-history":[{"count":7,"href":"https:\/\/jlggb.net\/blog6\/wp-json\/wp\/v2\/posts\/1204\/revisions"}],"predecessor-version":[{"id":1218,"href":"https:\/\/jlggb.net\/blog6\/wp-json\/wp\/v2\/posts\/1204\/revisions\/1218"}],"wp:attachment":[{"href":"https:\/\/jlggb.net\/blog6\/wp-json\/wp\/v2\/media?parent=1204"}],"wp:term":[{"taxonomy":"category","embeddable":true,"href":"https:\/\/jlggb.net\/blog6\/wp-json\/wp\/v2\/categories?post=1204"},{"taxonomy":"post_tag","embeddable":true,"href":"https:\/\/jlggb.net\/blog6\/wp-json\/wp\/v2\/tags?post=1204"}],"curies":[{"name":"wp","href":"https:\/\/api.w.org\/{rel}","templated":true}]}}